{"id":22063,"date":"2010-09-27T00:00:00","date_gmt":"2010-09-27T03:00:00","guid":{"rendered":"https:\/\/www.cnbb.org.br\/regional-leste-2-promove-seminario-preservacao-de-bens-culturais\/"},"modified":"2010-09-27T00:00:00","modified_gmt":"2010-09-27T03:00:00","slug":"regional-leste-2-promove-seminario-preservacao-de-bens-culturais","status":"publish","type":"post","link":"https:\/\/www.cnbb.org.br\/regional-leste-2-promove-seminario-preservacao-de-bens-culturais\/","title":{"rendered":"Regional Leste 2 promove Semin\u00e1rio \u201cPreserva\u00e7\u00e3o de Bens Culturais\u201d"},"content":{"rendered":"<p style=\"text-align: justify\">O\u00a0 Regional Leste 2 da CNBB (Esp\u00edrito Santo e Minas Gerais), por meio de sua Comiss\u00e3o de Bens Culturais, e o Instituto do Patrim\u00f4nio Hist\u00f3rico e Art\u00edstico Nacional, (Iphan) realiza entre os dias 26 a 28 de outubro, em Belo Horizonte, o I Semin\u00e1rio Igreja e Bens Culturais \u2013 Evangeliza\u00e7\u00e3o e Preserva\u00e7\u00e3o. O objetivo \u00e9 promover um f\u00f3rum de debates procurando ampliar as discuss\u00f5es a cerca da preserva\u00e7\u00e3o do patrim\u00f4nio cultural da Igreja e reconhecimento de sua import\u00e2ncia como instrumento evangelizador.<\/p>\n<p><!--more--><\/p>\n<p style=\"text-align: justify\">O evento \u00e9 destinado a arquitetos, arquivistas, bibliotec\u00e1rios, conservadores, historiadores, muse\u00f3logos, pesquisadores, restauradores, estudantes universit\u00e1rios\u00a0 e professores. Tamb\u00e9m s\u00e3o p\u00fablico do semin\u00e1rio congrega\u00e7\u00f5es religiosas, bispos, padres, di\u00e1conos e seminaristas.<\/p>\n<p style=\"text-align: justify\">O semin\u00e1rio est\u00e1 sendo promovido pela Comiss\u00e3o Regional de Bens Culturais da Igreja do Regional Leste 2, que tem o arcebispo de Juiz de Fora, dom Gil Ant\u00f4nio Moreira, como respons\u00e1vel. O evento tem a parceria do Instituto do Patrim\u00f4nio Hist\u00f3rico e Art\u00edstico Nacional (Iphan) em Minas Gerais e Esp\u00edrito Santo.\u00a0 A Comiss\u00e3o Regional de Bens Culturais da Igreja \u00e9 uma inst\u00e2ncia anexa \u00e0 Comiss\u00e3o de Educa\u00e7\u00e3o e Cultura, criada no ano de 2009.\u00a0 Para dom Gil, a comiss\u00e3o foi constitu\u00edda para ser a respons\u00e1vel por a\u00e7\u00f5es efetivas para a preserva\u00e7\u00e3o dos bens culturais da Igreja dentro do Regional. &#8220;Os dois estados tem 60% de todo o acervo art\u00edstico da Igreja no Brasil&#8221;, conclui.<\/p>\n","protected":false},"excerpt":{"rendered":"<p>O\u00a0 Regional Leste 2 da CNBB (Esp\u00edrito Santo e Minas Gerais), por meio de sua Comiss\u00e3o de Bens Culturais, e o Instituto do Patrim\u00f4nio Hist\u00f3rico e Art\u00edstico Nacional, (Iphan) realiza entre os dias 26 a 28 de outubro, em Belo Horizonte, o I Semin\u00e1rio Igreja e Bens Culturais \u2013 Evangeliza\u00e7\u00e3o e Preserva\u00e7\u00e3o. O objetivo \u00e9 &hellip;<\/p>\n<p class=\"read-more\"> <a class=\"\" href=\"https:\/\/www.cnbb.org.br\/regional-leste-2-promove-seminario-preservacao-de-bens-culturais\/\"> <span class=\"screen-reader-text\">Regional Leste 2 promove Semin\u00e1rio \u201cPreserva\u00e7\u00e3o de Bens Culturais\u201d<\/span> Leia mais &raquo;<\/a><\/p>\n","protected":false},"author":83,"featured_media":22064,"comment_status":"open","ping_status":"open","sticky":false,"template":"","format":"standard","meta":{"site-sidebar-layout":"default","site-content-layout":"default","ast-global-header-display":"","ast-banner-title-visibility":"","ast-main-header-display":"","ast-hfb-above-header-display":"","ast-hfb-below-header-display":"","ast-hfb-mobile-header-display":"","site-post-title":"","ast-breadcrumbs-content":"","ast-featured-img":"","footer-sml-layout":"","theme-transparent-header-meta":"","adv-header-id-meta":"","stick-header-meta":"","header-above-stick-meta":"","header-main-stick-meta":"","header-below-stick-meta":""},"categories":[778,769],"tags":[],"acf":[],"_links":{"self":[{"href":"https:\/\/www.cnbb.org.br\/cnbb-app\/wp\/v2\/posts\/22063"}],"collection":[{"href":"https:\/\/www.cnbb.org.br\/cnbb-app\/wp\/v2\/posts"}],"about":[{"href":"https:\/\/www.cnbb.org.br\/cnbb-app\/wp\/v2\/types\/post"}],"author":[{"embeddable":true,"href":"https:\/\/www.cnbb.org.br\/cnbb-app\/wp\/v2\/users\/83"}],"replies":[{"embeddable":true,"href":"https:\/\/www.cnbb.org.br\/cnbb-app\/wp\/v2\/comments?post=22063"}],"version-history":[{"count":0,"href":"https:\/\/www.cnbb.org.br\/cnbb-app\/wp\/v2\/posts\/22063\/revisions"}],"wp:featuredmedia":[{"embeddable":true,"href":"https:\/\/www.cnbb.org.br\/cnbb-app\/wp\/v2\/media\/22064"}],"wp:attachment":[{"href":"https:\/\/www.cnbb.org.br\/cnbb-app\/wp\/v2\/media?parent=22063"}],"wp:term":[{"taxonomy":"category","embeddable":true,"href":"https:\/\/www.cnbb.org.br\/cnbb-app\/wp\/v2\/categories?post=22063"},{"taxonomy":"post_tag","embeddable":true,"href":"https:\/\/www.cnbb.org.br\/cnbb-app\/wp\/v2\/tags?post=22063"}],"curies":[{"name":"wp","href":"https:\/\/api.w.org\/{rel}","templated":true}]}}