{"id":22116,"date":"2011-02-15T00:00:00","date_gmt":"2011-02-15T02:00:00","guid":{"rendered":"https:\/\/www.cnbb.org.br\/seminario-deve-identificar-iniciativas-no-campo-da-formacao-existentes-arquidiocese-de-juiz-de-fora\/"},"modified":"2011-02-15T00:00:00","modified_gmt":"2011-02-15T02:00:00","slug":"seminario-deve-identificar-iniciativas-no-campo-da-formacao-existentes-arquidiocese-de-juiz-de-fora","status":"publish","type":"post","link":"https:\/\/www.cnbb.org.br\/seminario-deve-identificar-iniciativas-no-campo-da-formacao-existentes-arquidiocese-de-juiz-de-fora\/","title":{"rendered":"Semin\u00e1rio deve identificar iniciativas no campo da forma\u00e7\u00e3o existentes Arquidiocese de Juiz de Fora"},"content":{"rendered":"<p style=\"text-align: justify\">No pr\u00f3ximo fim de semana, dias 18 e 19, a arquidiocese de Juiz de Fora (MG) realiza o Semin\u00e1rio de Educa\u00e7\u00e3o da F\u00e9. O evento acontece no Semin\u00e1rio Arquidiocesano Santo Ant\u00f4nio com o objetivo de informar a arquidiocese sobre as diversas iniciativas no campo da forma\u00e7\u00e3o existentes na Igreja particular de Juiz de Fora. De acordo com a assessoria de imprensa da arquidiocese, \u201co evento \u00e9 um dos reflexos do I S\u00ednodo Arquidiocesano\u201d.<\/p>\n<p>  <!--more-->  <\/p>\n<p style=\"text-align: justify\">O arcebispo, dom Gil Ant\u00f4nio Moreira, lembra que o tema do semin\u00e1rio \u201caparece durante as consultas do 1\u00ba S\u00ednodo Arquidiocesano, ora como \u2018riqueza\u2019 ora como \u2018lacuna\u2019 na Arquidiocese de Juiz de Fora, por isso a ideia de se organizar o evento\u201d, destacou.<\/p>\n<p style=\"text-align: justify\">Devem participar do Semin\u00e1rio todos os organismos da Igreja particular de Juiz de Fora que trabalham com forma\u00e7\u00e3o. Al\u00e9m de identificar os trabalhos existentes na \u00e1rea, o objetivo \u00e9 fortalecer e trabalhar a unidade entre eles, al\u00e9m de incentivar sua multiplica\u00e7\u00e3o.<\/p>\n<p style=\"text-align: justify\"><strong>I S\u00ednodo Arquidiocesano<\/strong><\/p>\n<p style=\"text-align: justify\">A arquidiocese de Juiz de Fora est\u00e1 celebrando desde o dia 13 de dezembro de 2009 o I S\u00ednodo Arquidiocesano. Trata-se de um instrumento para refletir sobre o que de bom foi constru\u00eddo e o que falta construir. O tema \u00e9 \u201cArquidiocese de Juiz de Fora: uma Igreja sempre em Miss\u00e3o\u201d e o lema: \u201cFazei disc\u00edpulos meus\u201d (Mt 28,19).<\/p>\n<p style=\"text-align: justify\">A primeira fase do S\u00ednodo foi encerrada no dia 21 de novembro de 2010, com missa festiva. No momento, a Igreja de Juiz de Fora est\u00e1 vivendo a fase de formula\u00e7\u00e3o do documento conclusivo. A publica\u00e7\u00e3o vai ser lan\u00e7ada no dia do padroeiro, Santo Ant\u00f4nio, 13 de junho de 2011.<\/p>\n<p style=\"text-align: justify\">Outras informa\u00e7\u00f5es com o vig\u00e1rio para cultura educa\u00e7\u00e3o e juventude, padre Jo\u00e3o Justino de Medeiros (32) 3239-8600.<\/p>\n","protected":false},"excerpt":{"rendered":"<p>No pr\u00f3ximo fim de semana, dias 18 e 19, a arquidiocese de Juiz de Fora (MG) realiza o Semin\u00e1rio de Educa\u00e7\u00e3o da F\u00e9. O evento acontece no Semin\u00e1rio Arquidiocesano Santo Ant\u00f4nio com o objetivo de informar a arquidiocese sobre as diversas iniciativas no campo da forma\u00e7\u00e3o existentes na Igreja particular de Juiz de Fora. De &hellip;<\/p>\n<p class=\"read-more\"> <a class=\"\" href=\"https:\/\/www.cnbb.org.br\/seminario-deve-identificar-iniciativas-no-campo-da-formacao-existentes-arquidiocese-de-juiz-de-fora\/\"> <span class=\"screen-reader-text\">Semin\u00e1rio deve identificar iniciativas no campo da forma\u00e7\u00e3o existentes Arquidiocese de Juiz de Fora<\/span> Leia mais &raquo;<\/a><\/p>\n","protected":false},"author":83,"featured_media":22117,"comment_status":"open","ping_status":"open","sticky":false,"template":"","format":"standard","meta":{"site-sidebar-layout":"default","site-content-layout":"default","ast-global-header-display":"","ast-banner-title-visibility":"","ast-main-header-display":"","ast-hfb-above-header-display":"","ast-hfb-below-header-display":"","ast-hfb-mobile-header-display":"","site-post-title":"","ast-breadcrumbs-content":"","ast-featured-img":"","footer-sml-layout":"","theme-transparent-header-meta":"","adv-header-id-meta":"","stick-header-meta":"","header-above-stick-meta":"","header-main-stick-meta":"","header-below-stick-meta":""},"categories":[778,769],"tags":[],"acf":[],"_links":{"self":[{"href":"https:\/\/www.cnbb.org.br\/cnbb-app\/wp\/v2\/posts\/22116"}],"collection":[{"href":"https:\/\/www.cnbb.org.br\/cnbb-app\/wp\/v2\/posts"}],"about":[{"href":"https:\/\/www.cnbb.org.br\/cnbb-app\/wp\/v2\/types\/post"}],"author":[{"embeddable":true,"href":"https:\/\/www.cnbb.org.br\/cnbb-app\/wp\/v2\/users\/83"}],"replies":[{"embeddable":true,"href":"https:\/\/www.cnbb.org.br\/cnbb-app\/wp\/v2\/comments?post=22116"}],"version-history":[{"count":0,"href":"https:\/\/www.cnbb.org.br\/cnbb-app\/wp\/v2\/posts\/22116\/revisions"}],"wp:featuredmedia":[{"embeddable":true,"href":"https:\/\/www.cnbb.org.br\/cnbb-app\/wp\/v2\/media\/22117"}],"wp:attachment":[{"href":"https:\/\/www.cnbb.org.br\/cnbb-app\/wp\/v2\/media?parent=22116"}],"wp:term":[{"taxonomy":"category","embeddable":true,"href":"https:\/\/www.cnbb.org.br\/cnbb-app\/wp\/v2\/categories?post=22116"},{"taxonomy":"post_tag","embeddable":true,"href":"https:\/\/www.cnbb.org.br\/cnbb-app\/wp\/v2\/tags?post=22116"}],"curies":[{"name":"wp","href":"https:\/\/api.w.org\/{rel}","templated":true}]}}