{"id":22133,"date":"2011-03-31T00:00:00","date_gmt":"2011-03-31T03:00:00","guid":{"rendered":"https:\/\/www.cnbb.org.br\/semana-da-caridade-expoe-projetos-sociais-na-arquidiocese-de-juiz-de-fora\/"},"modified":"2011-03-31T00:00:00","modified_gmt":"2011-03-31T03:00:00","slug":"semana-da-caridade-expoe-projetos-sociais-na-arquidiocese-de-juiz-de-fora","status":"publish","type":"post","link":"https:\/\/www.cnbb.org.br\/semana-da-caridade-expoe-projetos-sociais-na-arquidiocese-de-juiz-de-fora\/","title":{"rendered":"Semana da Caridade exp\u00f5e projetos sociais na arquidiocese de Juiz de Fora"},"content":{"rendered":"<p style=\"text-align: justify\">Acontece na arquidiocese de Juiz de Fora (MG) a 1\u00aa Semana da Caridade. Trata-se de uma exposi\u00e7\u00e3o sobre os projetos desenvolvidos pelas Pastorais da Crian\u00e7a e do Menor, Sociedade S\u00e3o Vicente de Paulo, Movimento F\u00e9 e Luz e Fazenda da Esperan\u00e7a Frei Galv\u00e3o.<\/p>\n<p><!--more--><\/p>\n<p style=\"text-align: justify\">Ao todo, s\u00e3o expostos no Semin\u00e1rio arquidiocesano S\u00e3o Ant\u00f4nio, 16 trabalhos s\u00f3cio-caritativos. Durante a exposi\u00e7\u00e3o s\u00e3o apresentados n\u00fameros relevantes, que relatam a trajet\u00f3ria das pastorais, movimentos, obras e associa\u00e7\u00f5es arquidiocesanas.<\/p>\n<p style=\"text-align: justify\">\u201cOs grupos se re\u00fanem semanalmente ou mensalmente, em busca de melhorias para seus beneficiados. O objetivo que os une \u00e9 a promo\u00e7\u00e3o e a inclus\u00e3o dos necessitados \u00e0 luz do Evangelho com dignidade e devo\u00e7\u00e3o\u201d, informou a assessoria de imprensa da arquidiocese.<\/p>\n<p style=\"text-align: justify\">O Semin\u00e1rio teve in\u00edcio no domingo, 27, e termina neste s\u00e1bado, 2. A maior parte dos grupos exp\u00f5e filmes, folders e cartazes com resultados sobre seus projetos.<\/p>\n","protected":false},"excerpt":{"rendered":"<p>Acontece na arquidiocese de Juiz de Fora (MG) a 1\u00aa Semana da Caridade. Trata-se de uma exposi\u00e7\u00e3o sobre os projetos desenvolvidos pelas Pastorais da Crian\u00e7a e do Menor, Sociedade S\u00e3o Vicente de Paulo, Movimento F\u00e9 e Luz e Fazenda da Esperan\u00e7a Frei Galv\u00e3o.<\/p>\n","protected":false},"author":83,"featured_media":22134,"comment_status":"open","ping_status":"open","sticky":false,"template":"","format":"standard","meta":{"site-sidebar-layout":"default","site-content-layout":"default","ast-global-header-display":"","ast-banner-title-visibility":"","ast-main-header-display":"","ast-hfb-above-header-display":"","ast-hfb-below-header-display":"","ast-hfb-mobile-header-display":"","site-post-title":"","ast-breadcrumbs-content":"","ast-featured-img":"","footer-sml-layout":"","theme-transparent-header-meta":"","adv-header-id-meta":"","stick-header-meta":"","header-above-stick-meta":"","header-main-stick-meta":"","header-below-stick-meta":""},"categories":[778,769],"tags":[],"acf":[],"_links":{"self":[{"href":"https:\/\/www.cnbb.org.br\/cnbb-app\/wp\/v2\/posts\/22133"}],"collection":[{"href":"https:\/\/www.cnbb.org.br\/cnbb-app\/wp\/v2\/posts"}],"about":[{"href":"https:\/\/www.cnbb.org.br\/cnbb-app\/wp\/v2\/types\/post"}],"author":[{"embeddable":true,"href":"https:\/\/www.cnbb.org.br\/cnbb-app\/wp\/v2\/users\/83"}],"replies":[{"embeddable":true,"href":"https:\/\/www.cnbb.org.br\/cnbb-app\/wp\/v2\/comments?post=22133"}],"version-history":[{"count":0,"href":"https:\/\/www.cnbb.org.br\/cnbb-app\/wp\/v2\/posts\/22133\/revisions"}],"wp:featuredmedia":[{"embeddable":true,"href":"https:\/\/www.cnbb.org.br\/cnbb-app\/wp\/v2\/media\/22134"}],"wp:attachment":[{"href":"https:\/\/www.cnbb.org.br\/cnbb-app\/wp\/v2\/media?parent=22133"}],"wp:term":[{"taxonomy":"category","embeddable":true,"href":"https:\/\/www.cnbb.org.br\/cnbb-app\/wp\/v2\/categories?post=22133"},{"taxonomy":"post_tag","embeddable":true,"href":"https:\/\/www.cnbb.org.br\/cnbb-app\/wp\/v2\/tags?post=22133"}],"curies":[{"name":"wp","href":"https:\/\/api.w.org\/{rel}","templated":true}]}}