{"id":22137,"date":"2011-04-04T00:00:00","date_gmt":"2011-04-04T03:00:00","guid":{"rendered":"https:\/\/www.cnbb.org.br\/regional-leste-2-promove-o-seminario-da-comissao-para-o-laicato-a-vida-e-a-familia\/"},"modified":"2011-04-04T00:00:00","modified_gmt":"2011-04-04T03:00:00","slug":"regional-leste-2-promove-o-seminario-da-comissao-para-o-laicato-a-vida-e-a-familia","status":"publish","type":"post","link":"https:\/\/www.cnbb.org.br\/regional-leste-2-promove-o-seminario-da-comissao-para-o-laicato-a-vida-e-a-familia\/","title":{"rendered":"Regional Leste 2 promove o Semin\u00e1rio da Comiss\u00e3o para o Laicato, a Vida e a Fam\u00edlia"},"content":{"rendered":"<p style=\"text-align: justify\">O Regional Leste 2 da CNBB (Esp\u00edrito Santo e Minas Gerais), por meio da Comiss\u00e3o para o Laicato, promove nos dias\u00a0 8 a 10, na Casa de Retiro Cen\u00e1culo, em Belo Horizonte (MG), o 3\u00ba Semin\u00e1rio da Comiss\u00e3o para o Laicato, a Vida e a Fam\u00edlia.<\/p>\n<p>  <!--more-->  <\/p>\n<p style=\"text-align: justify\">Com o tema: \u201cLeigos e Leigas: Portadores da Palavra e Mission\u00e1rios do Reino no Mundo\u201d, o semin\u00e1rio tem por objetivo\u00a0 promover a partilha de experi\u00eancias, refletir sobre os desafios para o laicato, al\u00e9m de\u00a0 construir a identidade da Comiss\u00e3o para o Laicato, a Vida e a Fam\u00edlia.<\/p>\n<p style=\"text-align: justify\">articipam do encontro representa\u00e7\u00f5es leigas das frentes que comp\u00f5e a Comiss\u00e3o para o Laicato, a Vida e a Fam\u00edlia: Setor Juventude, Conselho Regional de Leigos, Pastoral Familiar e Comunidades Eclesiais de Base (CEB\u2019s); religiosos, padres e bispos das dioceses do Regional Leste 2.<\/p>\n<p style=\"text-align: justify\">A casa de Retiro Cen\u00e1culo fica na Rua Nossa Senhora do Cen\u00e1culo, 240 \u2013 Venda Nova \u2013 Belo Horizonte (MG).<\/p>\n","protected":false},"excerpt":{"rendered":"<p>O Regional Leste 2 da CNBB (Esp\u00edrito Santo e Minas Gerais), por meio da Comiss\u00e3o para o Laicato, promove nos dias\u00a0 8 a 10, na Casa de Retiro Cen\u00e1culo, em Belo Horizonte (MG), o 3\u00ba Semin\u00e1rio da Comiss\u00e3o para o Laicato, a Vida e a Fam\u00edlia.<\/p>\n","protected":false},"author":83,"featured_media":22138,"comment_status":"open","ping_status":"open","sticky":false,"template":"","format":"standard","meta":{"site-sidebar-layout":"default","site-content-layout":"default","ast-global-header-display":"","ast-banner-title-visibility":"","ast-main-header-display":"","ast-hfb-above-header-display":"","ast-hfb-below-header-display":"","ast-hfb-mobile-header-display":"","site-post-title":"","ast-breadcrumbs-content":"","ast-featured-img":"","footer-sml-layout":"","theme-transparent-header-meta":"","adv-header-id-meta":"","stick-header-meta":"","header-above-stick-meta":"","header-main-stick-meta":"","header-below-stick-meta":""},"categories":[778,769],"tags":[],"acf":[],"_links":{"self":[{"href":"https:\/\/www.cnbb.org.br\/cnbb-app\/wp\/v2\/posts\/22137"}],"collection":[{"href":"https:\/\/www.cnbb.org.br\/cnbb-app\/wp\/v2\/posts"}],"about":[{"href":"https:\/\/www.cnbb.org.br\/cnbb-app\/wp\/v2\/types\/post"}],"author":[{"embeddable":true,"href":"https:\/\/www.cnbb.org.br\/cnbb-app\/wp\/v2\/users\/83"}],"replies":[{"embeddable":true,"href":"https:\/\/www.cnbb.org.br\/cnbb-app\/wp\/v2\/comments?post=22137"}],"version-history":[{"count":0,"href":"https:\/\/www.cnbb.org.br\/cnbb-app\/wp\/v2\/posts\/22137\/revisions"}],"wp:featuredmedia":[{"embeddable":true,"href":"https:\/\/www.cnbb.org.br\/cnbb-app\/wp\/v2\/media\/22138"}],"wp:attachment":[{"href":"https:\/\/www.cnbb.org.br\/cnbb-app\/wp\/v2\/media?parent=22137"}],"wp:term":[{"taxonomy":"category","embeddable":true,"href":"https:\/\/www.cnbb.org.br\/cnbb-app\/wp\/v2\/categories?post=22137"},{"taxonomy":"post_tag","embeddable":true,"href":"https:\/\/www.cnbb.org.br\/cnbb-app\/wp\/v2\/tags?post=22137"}],"curies":[{"name":"wp","href":"https:\/\/api.w.org\/{rel}","templated":true}]}}