{"id":22150,"date":"2011-06-09T00:00:00","date_gmt":"2011-06-09T03:00:00","guid":{"rendered":"https:\/\/www.cnbb.org.br\/assembleia-do-leste-2-elege-novos-presidentes-para-as-comissoes-pastorais-do-regional\/"},"modified":"2011-06-09T00:00:00","modified_gmt":"2011-06-09T03:00:00","slug":"assembleia-do-leste-2-elege-novos-presidentes-para-as-comissoes-pastorais-do-regional","status":"publish","type":"post","link":"https:\/\/www.cnbb.org.br\/assembleia-do-leste-2-elege-novos-presidentes-para-as-comissoes-pastorais-do-regional\/","title":{"rendered":"Assembleia do Leste 2 elege novos presidentes para as Comiss\u00f5es Pastorais do Regional"},"content":{"rendered":"<p style=\"text-align: justify\">O Conselho Episcopal de Pastoral do Regional Leste 2 da CNBB ( Minas Gerais e Esp\u00edrito Santo) elegeu na tarde desta quarta-feira, 8, os novos presidentes das Comiss\u00f5es Episcopais para o quadri\u00eanio 2011-2015. Foram eleitos tamb\u00e9m os representantes do Regional no Conselho Permanente da CNBB, que se re\u00fane na pr\u00f3xima semana, em Bras\u00edlia (DF).<\/p>\n<p>  <!--more-->  <\/p>\n<p style=\"text-align: justify\">Durante o encontro, que come\u00e7ou na segunda-feira, 6, em Belo Horizonte (MG), os bispos estudaram as novas Diretrizes Gerais da A\u00e7\u00e3o Evangelizadora da Igreja no Brasil (DGAE), aprovadas no m\u00eas passado pela CNBB. A assembelia terminou na manh\u00e3 desta quinta-feira, 9.<\/p>\n<p style=\"text-align: justify\">Confira, abaixo, os nomes dos eleitos para as Comiss\u00f5es Pastorais do Regional Leste 2.<\/p>\n<p style=\"text-align: justify\">Comiss\u00e3o Episcopal para os Minist\u00e9rios Ordenados e a Vida Consagrada: Dom\u00a0 Zanoni Demettino Castro \u2013 Bispo diocesano de S\u00e3o Mateus (ES)<\/p>\n<p style=\"text-align: justify\">Comiss\u00e3o Episcopal para o Laicato: Dom Cl\u00e1udio N\u00f3ri Sturm \u2013 Bispo diocesano de Patos de Minas (MG)<\/p>\n<p style=\"text-align: justify\">Comiss\u00e3o Episcopal para a\u00a0 A\u00e7\u00e3o Mission\u00e1ria e a Coopera\u00e7\u00e3o Intereclesial: Dom Jos\u00e9 Lanza \u2013 Bispo diocesano de Guaxup\u00e9 (MG)<\/p>\n<p style=\"text-align: justify\">Comiss\u00e3o Episcopal para a Anima\u00e7\u00e3o B\u00edblico-Catequ\u00e9tica: Dom Alo\u00edsio Jorge Pena Vitral \u2013 Bispo diocesano de Te\u00f3filo Otoni (MG)<\/p>\n<p style=\"text-align: justify\">Comiss\u00e3o Episcopal para a Liturgia: Dom Paulo Francisco Machado \u2013 bispo diocesano de Uberl\u00e2ndia (MG)<\/p>\n<p style=\"text-align: justify\">Comiss\u00e3o Episcopal para Comunica\u00e7\u00e3o, Educa\u00e7\u00e3o\u00a0 e Cultura: Dom Diamantino Prata de Carvalho \u2013 Bispo diocesano de Campanha(MG)<\/p>\n<div style=\"text-align: justify\"><\/div>\n<p style=\"text-align: justify\">Comiss\u00e3o Episcopal\u00a0 o Ecumenismo e para o Di\u00e1logo Inter-religioso: Dom Luiz Gonzaga Fechio \u2013 Bispo auxiliar da Arquidiocese de Belo Horizonte (MG)<\/p>\n<p style=\"text-align: justify\">Comiss\u00e3o Episcopal para o servi\u00e7o da Justi\u00e7a, da Caridade e\u00a0 da Paz: Dom Odilon Moreira \u2013 bispo diocesano de Itabira-Cel.Fabriciano (MG)<\/p>\n<p>Comiss\u00e3o Episcopal para a Vida e a Fam\u00edlia: Dom Tarcisio Nascentes dos Santos \u2013 bispo diocesano de Divin\u00f3polis (MG)<\/p>\n<p><strong>Conselho Permanente<\/strong><\/p>\n<p style=\"text-align: justify\">O Regional Leste 2 tem direito a tr\u00eas assentos no Conselho Permanente da CNBB. Al\u00e9m do presidente do Regional, dom Jos\u00e9 Alberto Moura, eleito na assembleia, o Regional elegeu, como titulares, o arcebispo de Diamantina, dom Jo\u00e3o Bosco \u00d3liver de Faria, e o bispo diocesano de Cachoeiro do Itapemirim (ES), dom Dario Campos.<\/p>\n<p style=\"text-align: justify\">Para a supl\u00eancia foram eleitos dom Francisco Carlos da Silva, bispo diocesano de Ituiutaba (MG), e dom Jos\u00e9 Ronaldo Ribeiro,bispo diocesano de Jana\u00faba (MG)<\/p>\n","protected":false},"excerpt":{"rendered":"<p>O Conselho Episcopal de Pastoral do Regional Leste 2 da CNBB ( Minas Gerais e Esp\u00edrito Santo) elegeu na tarde desta quarta-feira, 8, os novos presidentes das Comiss\u00f5es Episcopais para o quadri\u00eanio 2011-2015. Foram eleitos tamb\u00e9m os representantes do Regional no Conselho Permanente da CNBB, que se re\u00fane na pr\u00f3xima semana, em Bras\u00edlia (DF).<\/p>\n","protected":false},"author":83,"featured_media":22151,"comment_status":"open","ping_status":"open","sticky":false,"template":"","format":"standard","meta":{"site-sidebar-layout":"default","site-content-layout":"default","ast-global-header-display":"","ast-banner-title-visibility":"","ast-main-header-display":"","ast-hfb-above-header-display":"","ast-hfb-below-header-display":"","ast-hfb-mobile-header-display":"","site-post-title":"","ast-breadcrumbs-content":"","ast-featured-img":"","footer-sml-layout":"","theme-transparent-header-meta":"","adv-header-id-meta":"","stick-header-meta":"","header-above-stick-meta":"","header-main-stick-meta":"","header-below-stick-meta":""},"categories":[778,769],"tags":[],"acf":[],"_links":{"self":[{"href":"https:\/\/www.cnbb.org.br\/cnbb-app\/wp\/v2\/posts\/22150"}],"collection":[{"href":"https:\/\/www.cnbb.org.br\/cnbb-app\/wp\/v2\/posts"}],"about":[{"href":"https:\/\/www.cnbb.org.br\/cnbb-app\/wp\/v2\/types\/post"}],"author":[{"embeddable":true,"href":"https:\/\/www.cnbb.org.br\/cnbb-app\/wp\/v2\/users\/83"}],"replies":[{"embeddable":true,"href":"https:\/\/www.cnbb.org.br\/cnbb-app\/wp\/v2\/comments?post=22150"}],"version-history":[{"count":0,"href":"https:\/\/www.cnbb.org.br\/cnbb-app\/wp\/v2\/posts\/22150\/revisions"}],"wp:featuredmedia":[{"embeddable":true,"href":"https:\/\/www.cnbb.org.br\/cnbb-app\/wp\/v2\/media\/22151"}],"wp:attachment":[{"href":"https:\/\/www.cnbb.org.br\/cnbb-app\/wp\/v2\/media?parent=22150"}],"wp:term":[{"taxonomy":"category","embeddable":true,"href":"https:\/\/www.cnbb.org.br\/cnbb-app\/wp\/v2\/categories?post=22150"},{"taxonomy":"post_tag","embeddable":true,"href":"https:\/\/www.cnbb.org.br\/cnbb-app\/wp\/v2\/tags?post=22150"}],"curies":[{"name":"wp","href":"https:\/\/api.w.org\/{rel}","templated":true}]}}