{"id":22168,"date":"2011-08-08T00:00:00","date_gmt":"2011-08-08T03:00:00","guid":{"rendered":"https:\/\/www.cnbb.org.br\/comissao-episcopal-pastoral-da-cnbb-faz-reuniao-em-belo-horizonte\/"},"modified":"2011-08-08T00:00:00","modified_gmt":"2011-08-08T03:00:00","slug":"comissao-episcopal-pastoral-da-cnbb-faz-reuniao-em-belo-horizonte","status":"publish","type":"post","link":"https:\/\/www.cnbb.org.br\/comissao-episcopal-pastoral-da-cnbb-faz-reuniao-em-belo-horizonte\/","title":{"rendered":"Comiss\u00e3o Episcopal Pastoral da CNBB faz reuni\u00e3o em Belo Horizonte"},"content":{"rendered":"<p>&nbsp;<\/p>\n<p style=\"text-align: justify\">Os bispos integrantes da Comiss\u00e3o Episcopal Pastoral para a Educa\u00e7\u00e3o e Cultura, da Confer\u00eancia Nacional dos Bispos do Brasil (CNBB) participaram, na semana passada, de uma reuni\u00e3o, em Belo Horizonte (MG), para iniciar o planejamento de a\u00e7\u00f5es do quadri\u00eanio 2011-2015.<\/p>\n<p><!--more--><\/p>\n<p style=\"text-align: justify\">O presidente da Comiss\u00e3o, dom Joaquim Giovani Mol Guimar\u00e3es, disse que as a\u00e7\u00f5es a serem desenvolvidas visam promover um di\u00e1logo com aqueles que produzem cultura no pa\u00eds e marcar de forma ainda mais n\u00edtida a presen\u00e7a da Igreja Cat\u00f3lica no ensino.<\/p>\n<p style=\"text-align: justify\">Dom Giovani Mol salientou que a preocupa\u00e7\u00e3o da Igreja n\u00e3o diz respeito exclusivamente \u00e0 educa\u00e7\u00e3o cat\u00f3lica, mas ao ensino de forma geral e manifestou o desejo, partilhado pelos integrantes da Comiss\u00e3o, de oferecer aos professores e alunos de escolas p\u00fablicas os valores crist\u00e3os.<\/p>\n<p style=\"text-align: justify\">Estiveram presentes o bispo de Abaetetuba (PA), dom Fl\u00e1vio Giovenale, respons\u00e1vel pela Pastoral da Educa\u00e7\u00e3o, o bispo auxiliar da arquidiocese de Salvador (BA), dom Greg\u00f3rio Paix\u00e3o, respons\u00e1vel pela Pastoral da Cultura e o bispo auxiliar da arquidiocese de S\u00e3o Paulo (SP), dom Tarc\u00edsio Scaramussa, respons\u00e1vel pelos Setores Universidades e Ensino Religioso.<\/p>\n<p style=\"text-align: justify\">Dom Fl\u00e1vio Giovenale ressaltou que as diferen\u00e7as regionais que caracterizam o Brasil est\u00e3o contempladas no grupo. \u201cA diversidade na unidade pode gerar bons frutos e nos fazer caminhar\u201d, disse. Falando sobre a realidade da regi\u00e3o Norte, o bispo disse que a Comiss\u00e3o ter\u00e1 como desafio ajudar nos processos de universaliza\u00e7\u00e3o do ensino na Amaz\u00f4nia e de qualifica\u00e7\u00e3o dos professores, al\u00e9m de trabalhar para introduzir a cultura local nos livros did\u00e1ticos.<\/p>\n","protected":false},"excerpt":{"rendered":"<p>&nbsp; Os bispos integrantes da Comiss\u00e3o Episcopal Pastoral para a Educa\u00e7\u00e3o e Cultura, da Confer\u00eancia Nacional dos Bispos do Brasil (CNBB) participaram, na semana passada, de uma reuni\u00e3o, em Belo Horizonte (MG), para iniciar o planejamento de a\u00e7\u00f5es do quadri\u00eanio 2011-2015.<\/p>\n","protected":false},"author":83,"featured_media":22169,"comment_status":"open","ping_status":"open","sticky":false,"template":"","format":"standard","meta":{"site-sidebar-layout":"default","site-content-layout":"default","ast-global-header-display":"","ast-banner-title-visibility":"","ast-main-header-display":"","ast-hfb-above-header-display":"","ast-hfb-below-header-display":"","ast-hfb-mobile-header-display":"","site-post-title":"","ast-breadcrumbs-content":"","ast-featured-img":"","footer-sml-layout":"","theme-transparent-header-meta":"","adv-header-id-meta":"","stick-header-meta":"","header-above-stick-meta":"","header-main-stick-meta":"","header-below-stick-meta":""},"categories":[778,769],"tags":[],"acf":[],"_links":{"self":[{"href":"https:\/\/www.cnbb.org.br\/cnbb-app\/wp\/v2\/posts\/22168"}],"collection":[{"href":"https:\/\/www.cnbb.org.br\/cnbb-app\/wp\/v2\/posts"}],"about":[{"href":"https:\/\/www.cnbb.org.br\/cnbb-app\/wp\/v2\/types\/post"}],"author":[{"embeddable":true,"href":"https:\/\/www.cnbb.org.br\/cnbb-app\/wp\/v2\/users\/83"}],"replies":[{"embeddable":true,"href":"https:\/\/www.cnbb.org.br\/cnbb-app\/wp\/v2\/comments?post=22168"}],"version-history":[{"count":0,"href":"https:\/\/www.cnbb.org.br\/cnbb-app\/wp\/v2\/posts\/22168\/revisions"}],"wp:featuredmedia":[{"embeddable":true,"href":"https:\/\/www.cnbb.org.br\/cnbb-app\/wp\/v2\/media\/22169"}],"wp:attachment":[{"href":"https:\/\/www.cnbb.org.br\/cnbb-app\/wp\/v2\/media?parent=22168"}],"wp:term":[{"taxonomy":"category","embeddable":true,"href":"https:\/\/www.cnbb.org.br\/cnbb-app\/wp\/v2\/categories?post=22168"},{"taxonomy":"post_tag","embeddable":true,"href":"https:\/\/www.cnbb.org.br\/cnbb-app\/wp\/v2\/tags?post=22168"}],"curies":[{"name":"wp","href":"https:\/\/api.w.org\/{rel}","templated":true}]}}