{"id":22172,"date":"2011-08-16T00:00:00","date_gmt":"2011-08-16T03:00:00","guid":{"rendered":"https:\/\/www.cnbb.org.br\/articuladores-das-cebs-em-caratinga-estudam-as-dgae\/"},"modified":"2011-08-16T00:00:00","modified_gmt":"2011-08-16T03:00:00","slug":"articuladores-das-cebs-em-caratinga-estudam-as-dgae","status":"publish","type":"post","link":"https:\/\/www.cnbb.org.br\/articuladores-das-cebs-em-caratinga-estudam-as-dgae\/","title":{"rendered":"Articuladores das CEBs em Caratinga estudam as DGAE"},"content":{"rendered":"<p style=\"text-align: justify\">Com o objetivo de promover a recep\u00e7\u00e3o criativa das novas Diretrizes Gerais de A\u00e7\u00e3o Evangelizadora da Igreja no Brasil, o Conselho de Leigos da diocese de Caratinga (MG), promoveu o encontro diocesano das Comunidades Eclesiais de Base (CEBs), nos dias 13 e 14, na par\u00f3quia de S\u00e3o Sebasti\u00e3o de Espera Feliz, na regi\u00e3o do Capara\u00f3.<\/p>\n<p><!--more--><\/p>\n<p style=\"text-align: justify\">Participaram 210 lideran\u00e7as leigas que, com assessoria do secret\u00e1rio do Mutir\u00e3o pela Supera\u00e7\u00e3o da Mis\u00e9ria e da Fome e articulador da 5\u00aa Semana Social Brasileira, padre Nelito Dornelas, refletiu o tema \u201cCEBs, c\u00e9lulas do corpo eclesial\u201d, e o lema \u201cA Igreja que se re\u00fane nas casas aponta, com esperan\u00e7a, perseveran\u00e7a e teimosia para o outro mundo poss\u00edvel\u201d.<\/p>\n<p style=\"text-align: justify\">Os participantes do encontro se responsabilizaram em assumir com renovado ardor as cinco urg\u00eancias da evangeliza\u00e7\u00e3o, com um olhar atento para a juventude e o cuidado com o meio ambiente, abra\u00e7ando a campanha contra o uso dos agrot\u00f3xicos t\u00e3o utilizados ainda nas lavouras da regi\u00e3o.<\/p>\n","protected":false},"excerpt":{"rendered":"<p>Com o objetivo de promover a recep\u00e7\u00e3o criativa das novas Diretrizes Gerais de A\u00e7\u00e3o Evangelizadora da Igreja no Brasil, o Conselho de Leigos da diocese de Caratinga (MG), promoveu o encontro diocesano das Comunidades Eclesiais de Base (CEBs), nos dias 13 e 14, na par\u00f3quia de S\u00e3o Sebasti\u00e3o de Espera Feliz, na regi\u00e3o do Capara\u00f3.<\/p>\n","protected":false},"author":83,"featured_media":22173,"comment_status":"open","ping_status":"open","sticky":false,"template":"","format":"standard","meta":{"site-sidebar-layout":"default","site-content-layout":"default","ast-global-header-display":"","ast-banner-title-visibility":"","ast-main-header-display":"","ast-hfb-above-header-display":"","ast-hfb-below-header-display":"","ast-hfb-mobile-header-display":"","site-post-title":"","ast-breadcrumbs-content":"","ast-featured-img":"","footer-sml-layout":"","theme-transparent-header-meta":"","adv-header-id-meta":"","stick-header-meta":"","header-above-stick-meta":"","header-main-stick-meta":"","header-below-stick-meta":""},"categories":[778,769],"tags":[],"acf":[],"_links":{"self":[{"href":"https:\/\/www.cnbb.org.br\/cnbb-app\/wp\/v2\/posts\/22172"}],"collection":[{"href":"https:\/\/www.cnbb.org.br\/cnbb-app\/wp\/v2\/posts"}],"about":[{"href":"https:\/\/www.cnbb.org.br\/cnbb-app\/wp\/v2\/types\/post"}],"author":[{"embeddable":true,"href":"https:\/\/www.cnbb.org.br\/cnbb-app\/wp\/v2\/users\/83"}],"replies":[{"embeddable":true,"href":"https:\/\/www.cnbb.org.br\/cnbb-app\/wp\/v2\/comments?post=22172"}],"version-history":[{"count":0,"href":"https:\/\/www.cnbb.org.br\/cnbb-app\/wp\/v2\/posts\/22172\/revisions"}],"wp:featuredmedia":[{"embeddable":true,"href":"https:\/\/www.cnbb.org.br\/cnbb-app\/wp\/v2\/media\/22173"}],"wp:attachment":[{"href":"https:\/\/www.cnbb.org.br\/cnbb-app\/wp\/v2\/media?parent=22172"}],"wp:term":[{"taxonomy":"category","embeddable":true,"href":"https:\/\/www.cnbb.org.br\/cnbb-app\/wp\/v2\/categories?post=22172"},{"taxonomy":"post_tag","embeddable":true,"href":"https:\/\/www.cnbb.org.br\/cnbb-app\/wp\/v2\/tags?post=22172"}],"curies":[{"name":"wp","href":"https:\/\/api.w.org\/{rel}","templated":true}]}}