{"id":22231,"date":"2012-01-26T00:00:00","date_gmt":"2012-01-26T02:00:00","guid":{"rendered":"https:\/\/www.cnbb.org.br\/presbiteros-do-regional-leste-2-se-reunem-em-encontro-de-formacao\/"},"modified":"2012-01-26T00:00:00","modified_gmt":"2012-01-26T02:00:00","slug":"presbiteros-do-regional-leste-2-se-reunem-em-encontro-de-formacao","status":"publish","type":"post","link":"https:\/\/www.cnbb.org.br\/presbiteros-do-regional-leste-2-se-reunem-em-encontro-de-formacao\/","title":{"rendered":"Presb\u00edteros do Regional Leste 2 se re\u00fanem em Encontro de Forma\u00e7\u00e3o"},"content":{"rendered":"<p style=\"text-align: justify\">Presb\u00edteros das 32 arquidioceses e dioceses do Regional Leste 2 da CNBB (Esp\u00edrito Santo e Minas Gerais) est\u00e3o reunidos em Cachoeiro do Campo (MG), desde a segunda-feira, 23, para o 28\u00ba Encontro Regional de Forma\u00e7\u00e3o Permanente.<\/p>\n<p>  <!--more-->  <\/p>\n<p style=\"text-align: justify\">O tema central do encontro \u00e9 \u201cO presb\u00edtero como homem da Palavra na perspectiva da Verbum Domini\u201d. A assessoria do encontro est\u00e1\u00a0 a cargo da mestra e professora de B\u00edblia no Instituto Santo Tom\u00e1s de Aquino (ISTA),\u00a0 e doutoranda em Catequese na Faculdade dos Jesu\u00edtas (FAJE), em Belo Horizonte, Solange Maria do Carmo.<\/p>\n<p style=\"text-align: justify\">Durante a assessoria, Solange do Carmo tem feito pontua\u00e7\u00f5es e reflex\u00f5es pertinentes e profundas do referido documento e salienta\u00a0 que \u00e9 preciso redescobrir a Palavra de Deus e v\u00ea-la com \u201cbons os olhos percebendo sua presen\u00e7a no cora\u00e7\u00e3o da Igreja\u201d.<\/p>\n<p style=\"text-align: justify\">Nesta quinta-feira, 26, os presb\u00edteros recebem o padre Marco Aur\u00e9lio Gubiotti, biblista da arquidiocese de Pouso Alegre (MG), para um dia de Espiritualidade a luz do documento Verbum Domini.<\/p>\n<p style=\"text-align: justify\">O 28\u00ba Encontro de Forma\u00e7\u00e3o do Regional Leste 2 segue at\u00e9 sexta-feira, 27, com a realiza\u00e7\u00e3o da avalia\u00e7\u00e3o e a prepara\u00e7\u00e3o da pr\u00f3xima Forma\u00e7\u00e3o Permanente.<\/p>\n","protected":false},"excerpt":{"rendered":"<p>Presb\u00edteros das 32 arquidioceses e dioceses do Regional Leste 2 da CNBB (Esp\u00edrito Santo e Minas Gerais) est\u00e3o reunidos em Cachoeiro do Campo (MG), desde a segunda-feira, 23, para o 28\u00ba Encontro Regional de Forma\u00e7\u00e3o Permanente.<\/p>\n","protected":false},"author":83,"featured_media":22232,"comment_status":"open","ping_status":"open","sticky":false,"template":"","format":"standard","meta":{"site-sidebar-layout":"default","site-content-layout":"default","ast-global-header-display":"","ast-banner-title-visibility":"","ast-main-header-display":"","ast-hfb-above-header-display":"","ast-hfb-below-header-display":"","ast-hfb-mobile-header-display":"","site-post-title":"","ast-breadcrumbs-content":"","ast-featured-img":"","footer-sml-layout":"","theme-transparent-header-meta":"","adv-header-id-meta":"","stick-header-meta":"","header-above-stick-meta":"","header-main-stick-meta":"","header-below-stick-meta":""},"categories":[778,769],"tags":[],"acf":[],"_links":{"self":[{"href":"https:\/\/www.cnbb.org.br\/cnbb-app\/wp\/v2\/posts\/22231"}],"collection":[{"href":"https:\/\/www.cnbb.org.br\/cnbb-app\/wp\/v2\/posts"}],"about":[{"href":"https:\/\/www.cnbb.org.br\/cnbb-app\/wp\/v2\/types\/post"}],"author":[{"embeddable":true,"href":"https:\/\/www.cnbb.org.br\/cnbb-app\/wp\/v2\/users\/83"}],"replies":[{"embeddable":true,"href":"https:\/\/www.cnbb.org.br\/cnbb-app\/wp\/v2\/comments?post=22231"}],"version-history":[{"count":0,"href":"https:\/\/www.cnbb.org.br\/cnbb-app\/wp\/v2\/posts\/22231\/revisions"}],"wp:featuredmedia":[{"embeddable":true,"href":"https:\/\/www.cnbb.org.br\/cnbb-app\/wp\/v2\/media\/22232"}],"wp:attachment":[{"href":"https:\/\/www.cnbb.org.br\/cnbb-app\/wp\/v2\/media?parent=22231"}],"wp:term":[{"taxonomy":"category","embeddable":true,"href":"https:\/\/www.cnbb.org.br\/cnbb-app\/wp\/v2\/categories?post=22231"},{"taxonomy":"post_tag","embeddable":true,"href":"https:\/\/www.cnbb.org.br\/cnbb-app\/wp\/v2\/tags?post=22231"}],"curies":[{"name":"wp","href":"https:\/\/api.w.org\/{rel}","templated":true}]}}