{"id":22241,"date":"2012-04-10T00:00:00","date_gmt":"2012-04-10T03:00:00","guid":{"rendered":"https:\/\/www.cnbb.org.br\/belo-horizonte-comeca-a-vigilia-de-oracao-pela-vida\/"},"modified":"2012-04-10T00:00:00","modified_gmt":"2012-04-10T03:00:00","slug":"belo-horizonte-comeca-a-vigilia-de-oracao-pela-vida","status":"publish","type":"post","link":"https:\/\/www.cnbb.org.br\/belo-horizonte-comeca-a-vigilia-de-oracao-pela-vida\/","title":{"rendered":"Belo Horizonte come\u00e7a a Vig\u00edlia de Ora\u00e7\u00e3o pela Vida"},"content":{"rendered":"<p style=\"text-align: justify\">A arquidiocese de Belo Horizonte (MG) come\u00e7ou nesta segunda-feira, 9 de abril, uma grande Vig\u00edlia de Ora\u00e7\u00e3o pela Vida. Fi\u00e9is estiveram em ora\u00e7\u00e3o nas par\u00f3quias e comunidades contra o aborto de anenc\u00e9falos &#8211; caso em que o feto tem m\u00e1 forma\u00e7\u00e3o no c\u00e9rebro. O Supremo Tribunal Federal (STF) realiza o julgamento sobre a descriminaliza\u00e7\u00e3o do aborto de anenc\u00e9falos amanh\u00e3, dia 11. A Vig\u00edlia na arquidiocese foi marcada com uma missa presidida pelo bispo auxiliar de Belo Horizonte, dom Luiz Gonzaga Fechio, no Santu\u00e1rio Arquidiocesano de Adora\u00e7\u00e3o Perp\u00e9tua, Par\u00f3quia Nossa Senhora da Boa Viagem.<\/p>\n<p><!--more--><\/p>\n<p style=\"text-align: justify\">Durante sua homilia, dom Luiz destacou que a vota\u00e7\u00e3o no Supremo Tribunal Federal coloca em perigo a vida. \u201cMesmo sendo anenc\u00e9falo \u00e9 um corpo humano que precisa ser respeitado\u201d, afirmou o bispo auxiliar.<\/p>\n<p style=\"text-align: justify\">Nesta ter\u00e7a-feira, 10, a Vig\u00edlia de Ora\u00e7\u00e3o em Defesa da Vida reunir\u00e1 jovens da capital mineira no Santu\u00e1rio de Adora\u00e7\u00e3o Perp\u00e9tua. A vig\u00edlia ter\u00e1 in\u00edcio \u00e0s 20h30, com a reza do ter\u00e7o na Pra\u00e7a Sete, centro de Belo Horizonte, saindo em prociss\u00e3o para a igreja, onde far\u00e3o a adora\u00e7\u00e3o do Sant\u00edssimo Sacramento at\u00e9 a meia-noite.<\/p>\n<p style=\"text-align: justify\">Com a vig\u00edlia, os jovens se unem em ora\u00e7\u00e3o \u00e0s 269 par\u00f3quias da arquidiocese de Belo Horizonte e \u00e0s dioceses e arquidioceses de todo o pa\u00eds, contra o aborto de anenc\u00e9falos.<\/p>\n","protected":false},"excerpt":{"rendered":"<p>A arquidiocese de Belo Horizonte (MG) come\u00e7ou nesta segunda-feira, 9 de abril, uma grande Vig\u00edlia de Ora\u00e7\u00e3o pela Vida. Fi\u00e9is estiveram em ora\u00e7\u00e3o nas par\u00f3quias e comunidades contra o aborto de anenc\u00e9falos &#8211; caso em que o feto tem m\u00e1 forma\u00e7\u00e3o no c\u00e9rebro. O Supremo Tribunal Federal (STF) realiza o julgamento sobre a descriminaliza\u00e7\u00e3o do &hellip;<\/p>\n<p class=\"read-more\"> <a class=\"\" href=\"https:\/\/www.cnbb.org.br\/belo-horizonte-comeca-a-vigilia-de-oracao-pela-vida\/\"> <span class=\"screen-reader-text\">Belo Horizonte come\u00e7a a Vig\u00edlia de Ora\u00e7\u00e3o pela Vida<\/span> Leia mais &raquo;<\/a><\/p>\n","protected":false},"author":83,"featured_media":22242,"comment_status":"open","ping_status":"open","sticky":false,"template":"","format":"standard","meta":{"site-sidebar-layout":"default","site-content-layout":"default","ast-global-header-display":"","ast-banner-title-visibility":"","ast-main-header-display":"","ast-hfb-above-header-display":"","ast-hfb-below-header-display":"","ast-hfb-mobile-header-display":"","site-post-title":"","ast-breadcrumbs-content":"","ast-featured-img":"","footer-sml-layout":"","theme-transparent-header-meta":"","adv-header-id-meta":"","stick-header-meta":"","header-above-stick-meta":"","header-main-stick-meta":"","header-below-stick-meta":""},"categories":[778,769],"tags":[],"acf":[],"_links":{"self":[{"href":"https:\/\/www.cnbb.org.br\/cnbb-app\/wp\/v2\/posts\/22241"}],"collection":[{"href":"https:\/\/www.cnbb.org.br\/cnbb-app\/wp\/v2\/posts"}],"about":[{"href":"https:\/\/www.cnbb.org.br\/cnbb-app\/wp\/v2\/types\/post"}],"author":[{"embeddable":true,"href":"https:\/\/www.cnbb.org.br\/cnbb-app\/wp\/v2\/users\/83"}],"replies":[{"embeddable":true,"href":"https:\/\/www.cnbb.org.br\/cnbb-app\/wp\/v2\/comments?post=22241"}],"version-history":[{"count":0,"href":"https:\/\/www.cnbb.org.br\/cnbb-app\/wp\/v2\/posts\/22241\/revisions"}],"wp:featuredmedia":[{"embeddable":true,"href":"https:\/\/www.cnbb.org.br\/cnbb-app\/wp\/v2\/media\/22242"}],"wp:attachment":[{"href":"https:\/\/www.cnbb.org.br\/cnbb-app\/wp\/v2\/media?parent=22241"}],"wp:term":[{"taxonomy":"category","embeddable":true,"href":"https:\/\/www.cnbb.org.br\/cnbb-app\/wp\/v2\/categories?post=22241"},{"taxonomy":"post_tag","embeddable":true,"href":"https:\/\/www.cnbb.org.br\/cnbb-app\/wp\/v2\/tags?post=22241"}],"curies":[{"name":"wp","href":"https:\/\/api.w.org\/{rel}","templated":true}]}}