{"id":22243,"date":"2012-04-12T00:00:00","date_gmt":"2012-04-12T03:00:00","guid":{"rendered":"https:\/\/www.cnbb.org.br\/4o-seminario-regional-da-comissao-para-o-laicato\/"},"modified":"2012-04-12T00:00:00","modified_gmt":"2012-04-12T03:00:00","slug":"4o-seminario-regional-da-comissao-para-o-laicato","status":"publish","type":"post","link":"https:\/\/www.cnbb.org.br\/4o-seminario-regional-da-comissao-para-o-laicato\/","title":{"rendered":"4\u00ba Semin\u00e1rio Regional da Comiss\u00e3o para o Laicato"},"content":{"rendered":"<p style=\"text-align: justify\">Acontece na Casa de Retiros das irm\u00e3s Sacramentinas, em Belo Horizonte (MG), entre os dias 13 e 15 de abril, evento promovido pela Comiss\u00e3o Episcopal Pastoral para o Laicato do Regional Leste 2 da CNBB (Esp\u00edrito Santo e Minas Gerais). Trata-se do 4\u00ba Semin\u00e1rio Regional da Comiss\u00e3o para o Laicato com representantes e lideran\u00e7as dos setores que comp\u00f5em a Comiss\u00e3o Laicato: Setor Juventude, Conselho Regional de Leigos e\u00a0 Comunidades Eclesiais de Base.<\/p>\n<p>  <!--more-->  <\/p>\n<p style=\"text-align: justify\">O 4\u00ba Semin\u00e1rio com o tema \u201cLeigos e Leigas a partir do Vaticano II, Aparecida e Diretrizes Gerais &#8211; Um olhar sobre a Comiss\u00e3o do Laicato\u201d tem por objetivos dar continuidade \u00e0 constru\u00e7\u00e3o da identidade da Comiss\u00e3o para o\u00a0 Laicato no Regional Leste 2 \u00e0 luz do Conc\u00edlio Vaticano II, da 5\u00aa Confer\u00eancia do Episcopado Latino Americano e Caribenho e das Diretrizes Gerais da A\u00e7\u00e3o Evangelizadora da Igreja no Brasil 2011-2015.<\/p>\n<p style=\"text-align: justify\">Para assessorar o tema do Semin\u00e1rio, os participantes ter\u00e3o a presen\u00e7a do bispo em\u00e9rito de Santa Cruz do Sul (RS), dom Alo\u00edsio Sin\u00e9sio Bohn.<\/p>\n","protected":false},"excerpt":{"rendered":"<p>Acontece na Casa de Retiros das irm\u00e3s Sacramentinas, em Belo Horizonte (MG), entre os dias 13 e 15 de abril, evento promovido pela Comiss\u00e3o Episcopal Pastoral para o Laicato do Regional Leste 2 da CNBB (Esp\u00edrito Santo e Minas Gerais). Trata-se do 4\u00ba Semin\u00e1rio Regional da Comiss\u00e3o para o Laicato com representantes e lideran\u00e7as dos &hellip;<\/p>\n<p class=\"read-more\"> <a class=\"\" href=\"https:\/\/www.cnbb.org.br\/4o-seminario-regional-da-comissao-para-o-laicato\/\"> <span class=\"screen-reader-text\">4\u00ba Semin\u00e1rio Regional da Comiss\u00e3o para o Laicato<\/span> Leia mais &raquo;<\/a><\/p>\n","protected":false},"author":83,"featured_media":22244,"comment_status":"open","ping_status":"open","sticky":false,"template":"","format":"standard","meta":{"site-sidebar-layout":"default","site-content-layout":"default","ast-global-header-display":"","ast-banner-title-visibility":"","ast-main-header-display":"","ast-hfb-above-header-display":"","ast-hfb-below-header-display":"","ast-hfb-mobile-header-display":"","site-post-title":"","ast-breadcrumbs-content":"","ast-featured-img":"","footer-sml-layout":"","theme-transparent-header-meta":"","adv-header-id-meta":"","stick-header-meta":"","header-above-stick-meta":"","header-main-stick-meta":"","header-below-stick-meta":""},"categories":[778,769],"tags":[],"acf":[],"_links":{"self":[{"href":"https:\/\/www.cnbb.org.br\/cnbb-app\/wp\/v2\/posts\/22243"}],"collection":[{"href":"https:\/\/www.cnbb.org.br\/cnbb-app\/wp\/v2\/posts"}],"about":[{"href":"https:\/\/www.cnbb.org.br\/cnbb-app\/wp\/v2\/types\/post"}],"author":[{"embeddable":true,"href":"https:\/\/www.cnbb.org.br\/cnbb-app\/wp\/v2\/users\/83"}],"replies":[{"embeddable":true,"href":"https:\/\/www.cnbb.org.br\/cnbb-app\/wp\/v2\/comments?post=22243"}],"version-history":[{"count":0,"href":"https:\/\/www.cnbb.org.br\/cnbb-app\/wp\/v2\/posts\/22243\/revisions"}],"wp:featuredmedia":[{"embeddable":true,"href":"https:\/\/www.cnbb.org.br\/cnbb-app\/wp\/v2\/media\/22244"}],"wp:attachment":[{"href":"https:\/\/www.cnbb.org.br\/cnbb-app\/wp\/v2\/media?parent=22243"}],"wp:term":[{"taxonomy":"category","embeddable":true,"href":"https:\/\/www.cnbb.org.br\/cnbb-app\/wp\/v2\/categories?post=22243"},{"taxonomy":"post_tag","embeddable":true,"href":"https:\/\/www.cnbb.org.br\/cnbb-app\/wp\/v2\/tags?post=22243"}],"curies":[{"name":"wp","href":"https:\/\/api.w.org\/{rel}","templated":true}]}}