{"id":22251,"date":"2012-05-20T00:00:00","date_gmt":"2012-05-20T03:00:00","guid":{"rendered":"https:\/\/www.cnbb.org.br\/papa-fala-da-ascencao-do-senhor-como-libertacao-do-pecado\/"},"modified":"2012-05-20T00:00:00","modified_gmt":"2012-05-20T03:00:00","slug":"papa-fala-da-ascencao-do-senhor-como-libertacao-do-pecado","status":"publish","type":"post","link":"https:\/\/www.cnbb.org.br\/papa-fala-da-ascencao-do-senhor-como-libertacao-do-pecado\/","title":{"rendered":"Papa fala da Ascens\u00e3o do Senhor como liberta\u00e7\u00e3o do pecado"},"content":{"rendered":"<p style=\"text-align: justify\"><span id=\"content2\" style=\"color: #282828;text-align: justify;font-size: 12px;line-height: 150%\">Manh\u00e3 de domingo movimentada no Vaticano, que hospedou, na sala Paulo VI, o movimento pela promo\u00e7\u00e3o da vida (LifeDay), enquanto, na Pra\u00e7a S\u00e3o Pedro, uma multid\u00e3o acompanhava o Papa e a ora\u00e7\u00e3o do Regina Coeli. Mesmo com o mau tempo, fi\u00e9is e peregrinos compareceram em grande n\u00famero \u00e0 pra\u00e7a diante da Bas\u00edlica de S\u00e3o Pedro para ouvir as palavras do Santo Padre, a ora\u00e7\u00e3o e receber a sua b\u00ean\u00e7\u00e3o. <\/span><\/p>\n<p style=\"text-align: justify\"><span style=\"color: #282828;text-align: justify;font-size: 12px;line-height: 150%\">\u00a0<\/span><\/p>\n<p><!--more--><\/p>\n<p style=\"text-align: justify\"><span id=\"content2\" style=\"color: #282828;text-align: justify;font-size: 12px;line-height: 150%\">\u00a0<\/span><\/p>\n<p style=\"text-align: justify\"><span id=\"content2\" style=\"color: #282828;text-align: justify;font-size: 12px;line-height: 150%\">Bento XVI falou aos presentes sobre a Ascens\u00e3o do Senhor, ressaltando que esta \u201cassinala o cumprir-se da salva\u00e7\u00e3o, iniciada com a Encarna\u00e7\u00e3o\u201d. Ele explicou que ao ascender aos c\u00e9us, Jesus n\u00e3o abandonou a humanidade, pelo contr\u00e1rio, \u201cassumiu consigo os homens na intimidade do Pai e assim revelou o destino final da nossa peregrina\u00e7\u00e3o terrena\u201d. <\/span><\/p>\n<p style=\"text-align: justify\"><span id=\"content2\" style=\"color: #282828;text-align: justify;font-size: 12px;line-height: 150%\">\u00a0<\/span><\/p>\n<p style=\"text-align: justify\"><span id=\"content2\" style=\"color: #282828;text-align: justify;font-size: 12px;line-height: 150%\">\u201cA Ascens\u00e3o \u00e9 o \u00faltimo ato da nossa liberta\u00e7\u00e3o do peso do pecado\u201d, disse o Papa, que acrescentou: \u201cPor isso os disc\u00edpulos, quando viram o Mestre levantar-se da terra e elevar-se para o alto, n\u00e3o foram tomados pelo desconforto, mas sentiram uma grande alegria e sentiram-se encorajados a proclamar a vit\u00f3ria de Cristo sobre a morte (cfr Mc 16,20).\u201d<\/span><\/p>\n<p style=\"text-align: justify\"><span id=\"content2\" style=\"color: #282828;text-align: justify;font-size: 12px;line-height: 150%\">\u00a0<\/span><\/p>\n<p style=\"text-align: justify\"><span id=\"content2\" style=\"color: #282828;text-align: justify;font-size: 12px;line-height: 150%\">E o Pont\u00edfice aprofundou ainda mais o significado da Ascens\u00e3o: \u201cCaros amigos, a Ascens\u00e3o nos diz que em Cristo a nossa humanidade \u00e9 levada \u00e0s alturas de Deus, assim, a cada vez que rezamos, a terra une-se ao C\u00e9u. E como o incenso, queimando, faz subir \u00e0s alturas a sua fuma\u00e7a de suave perfume, de forma que, quando elevamos ao Senhor a nossa fervida e confiante ora\u00e7\u00e3o em Cristo, ela atravessa os c\u00e9us e alcan\u00e7a o Reino de Deus, \u00e9 por ele ouvida e atendida\u201d.<\/span><\/p>\n<p style=\"text-align: justify\"><span id=\"content2\" style=\"color: #282828;text-align: justify;font-size: 12px;line-height: 150%\">\u00a0<\/span><\/p>\n<p style=\"text-align: justify\"><span id=\"content2\" style=\"color: #282828;text-align: justify;font-size: 12px;line-height: 150%\">Por fim, o Papa citou a obra de S\u00e3o Jo\u00e3o da Cruz, a Subida ao Monte Carmelo: \u201cpara ver realizados os desejos do nosso cora\u00e7\u00e3o, n\u00e3o h\u00e1 modo melhor que colocar a for\u00e7a da nossa ora\u00e7\u00e3o naquilo que agrada a Deus. Ent\u00e3o ele nos dar\u00e1 n\u00e3o somente o que pedimos, ou seja, a salva\u00e7\u00e3o, mas tamb\u00e9m o que considerar que seja conveniente e bom para n\u00f3s\u201d. <\/span><\/p>\n<p style=\"text-align: justify\"><span id=\"content2\" style=\"color: #282828;text-align: justify;font-size: 12px;line-height: 150%\">\u00a0<\/span><\/p>\n<p style=\"text-align: justify\"><span id=\"content2\" style=\"color: #282828;text-align: justify;font-size: 12px;line-height: 150%\">O Papa lembrou ent\u00e3o dois eventos tr\u00e1gicos ocorridos na It\u00e1lia nas \u00faltimas 24 horas: um atentado a uma escola da cidade de Brindisi e o terremoto desta madrugada que atingiu a regi\u00e3o italiana da Em\u00edlia Romagna deixando, at\u00e9 o momento, um saldo de seis mortes. O Santo Padre manifestou sua proximidade \u00e0s v\u00edtimas e aos seus familiares. <\/span><\/p>\n<p style=\"text-align: justify\"><span id=\"content2\" style=\"color: #282828;text-align: justify;font-size: 12px;line-height: 150%\">\u00a0<\/span><\/p>\n<p style=\"text-align: justify\"><span id=\"content2\" style=\"color: #282828;text-align: justify;font-size: 12px;line-height: 150%\">Como sempre faz, Bento XVI saudou os presentes nas suas diversas l\u00ednguas e hoje, tamb\u00e9m em portugu\u00eas. Presente na Pra\u00e7a S\u00e3o Pedro, conversamos com Pe. Walter Jorge Pinto, que estava acompanhando um grupo de brasileiros da Arquidiocese de Mariana, Minas Gerais, e tamb\u00e9m com o Arcebispo de Mariana, Dom Geraldo Lyrio Rocha.<\/span><\/p>\n","protected":false},"excerpt":{"rendered":"<p>Manh\u00e3 de domingo movimentada no Vaticano, que hospedou, na sala Paulo VI, o movimento pela promo\u00e7\u00e3o da vida (LifeDay), enquanto, na Pra\u00e7a S\u00e3o Pedro, uma multid\u00e3o acompanhava o Papa e a ora\u00e7\u00e3o do Regina Coeli. Mesmo com o mau tempo, fi\u00e9is e peregrinos compareceram em grande n\u00famero \u00e0 pra\u00e7a diante da Bas\u00edlica de S\u00e3o Pedro &hellip;<\/p>\n<p class=\"read-more\"> <a class=\"\" href=\"https:\/\/www.cnbb.org.br\/papa-fala-da-ascencao-do-senhor-como-libertacao-do-pecado\/\"> <span class=\"screen-reader-text\">Papa fala da Ascens\u00e3o do Senhor como liberta\u00e7\u00e3o do pecado<\/span> Leia mais &raquo;<\/a><\/p>\n","protected":false},"author":83,"featured_media":22252,"comment_status":"open","ping_status":"open","sticky":false,"template":"","format":"standard","meta":{"site-sidebar-layout":"default","site-content-layout":"default","ast-global-header-display":"","ast-banner-title-visibility":"","ast-main-header-display":"","ast-hfb-above-header-display":"","ast-hfb-below-header-display":"","ast-hfb-mobile-header-display":"","site-post-title":"","ast-breadcrumbs-content":"","ast-featured-img":"","footer-sml-layout":"","theme-transparent-header-meta":"","adv-header-id-meta":"","stick-header-meta":"","header-above-stick-meta":"","header-main-stick-meta":"","header-below-stick-meta":""},"categories":[778,769],"tags":[],"acf":[],"_links":{"self":[{"href":"https:\/\/www.cnbb.org.br\/cnbb-app\/wp\/v2\/posts\/22251"}],"collection":[{"href":"https:\/\/www.cnbb.org.br\/cnbb-app\/wp\/v2\/posts"}],"about":[{"href":"https:\/\/www.cnbb.org.br\/cnbb-app\/wp\/v2\/types\/post"}],"author":[{"embeddable":true,"href":"https:\/\/www.cnbb.org.br\/cnbb-app\/wp\/v2\/users\/83"}],"replies":[{"embeddable":true,"href":"https:\/\/www.cnbb.org.br\/cnbb-app\/wp\/v2\/comments?post=22251"}],"version-history":[{"count":0,"href":"https:\/\/www.cnbb.org.br\/cnbb-app\/wp\/v2\/posts\/22251\/revisions"}],"wp:featuredmedia":[{"embeddable":true,"href":"https:\/\/www.cnbb.org.br\/cnbb-app\/wp\/v2\/media\/22252"}],"wp:attachment":[{"href":"https:\/\/www.cnbb.org.br\/cnbb-app\/wp\/v2\/media?parent=22251"}],"wp:term":[{"taxonomy":"category","embeddable":true,"href":"https:\/\/www.cnbb.org.br\/cnbb-app\/wp\/v2\/categories?post=22251"},{"taxonomy":"post_tag","embeddable":true,"href":"https:\/\/www.cnbb.org.br\/cnbb-app\/wp\/v2\/tags?post=22251"}],"curies":[{"name":"wp","href":"https:\/\/api.w.org\/{rel}","templated":true}]}}