{"id":22259,"date":"2012-05-30T00:00:00","date_gmt":"2012-05-30T03:00:00","guid":{"rendered":"https:\/\/www.cnbb.org.br\/pastoral-da-juventude-realiza-ampliada-regional\/"},"modified":"2012-05-30T00:00:00","modified_gmt":"2012-05-30T03:00:00","slug":"pastoral-da-juventude-realiza-ampliada-regional","status":"publish","type":"post","link":"https:\/\/www.cnbb.org.br\/pastoral-da-juventude-realiza-ampliada-regional\/","title":{"rendered":"Pastoral da Juventude realiza Ampliada Regional"},"content":{"rendered":"<p style=\"text-align: justify\">A\u00a0 Pastoral da Juventude do Regional Leste 2 (Minas Gerais e Esp\u00edrito Santo), realiza nos dias 7 a 10 de junho, no Col\u00e9gio Marista Dom Silv\u00e9rio, em Belo Horizonte (MG), a Ampliada Regional.<\/p>\n<p>  <!--more-->  <\/p>\n<p style=\"text-align: justify\">Com o objetivo de aprofundar a Miss\u00e3o e Identidade da juventude e favorecer o encantamento por sua Evangeliza\u00e7\u00e3o, a Ampliada contar\u00e1 com dois jovens, um assessor ou representantes que estejam ligados diretamente a qualquer inst\u00e2ncia da Pastoral da Juventude, atuantes no Regional Leste 2.<\/p>\n<p style=\"text-align: justify\">A Ampliada Regional acontece a cada dois anos e para a coordena\u00e7\u00e3o da PJ no Leste 2 &#8220;\u00e9 um espa\u00e7o m\u00e1ximo de delibera\u00e7\u00e3o da Pastoral da Juventude no que se refere \u00e0 sua organiza\u00e7\u00e3o regional&#8221;.<\/p>\n<p style=\"text-align: justify\">Durante a Ampliada de 2012 ser\u00e1 elaborado um planejamento pastoral para os pr\u00f3ximos 4 anos de evangeliza\u00e7\u00e3o da Pastoral da Juventude, al\u00e9m da elei\u00e7\u00e3o dos jovens para ocupar os a Coordena\u00e7\u00e3o Nacional, a Secretaria Regional e a Assessoria Regional. Para concorrer as elei\u00e7\u00f5es, as (arqui)dioceses ou outras inst\u00e2ncias da Pastoral da Juventude devem enviar os nomes do seus indicados, acompanhado de uma carta de apresenta\u00e7\u00e3o, com um breve hist\u00f3rico pessoal e pastoral e o servi\u00e7o ao qual est\u00e1 sendo indicado, at\u00e9 o dia 1\u00ba de junho\u00a0 para os e-mails: fernandabreciani@hotmail.com ou pjsleste2@yahoo.com.br .<\/p>\n","protected":false},"excerpt":{"rendered":"<p>A\u00a0 Pastoral da Juventude do Regional Leste 2 (Minas Gerais e Esp\u00edrito Santo), realiza nos dias 7 a 10 de junho, no Col\u00e9gio Marista Dom Silv\u00e9rio, em Belo Horizonte (MG), a Ampliada Regional.<\/p>\n","protected":false},"author":83,"featured_media":22260,"comment_status":"open","ping_status":"open","sticky":false,"template":"","format":"standard","meta":{"site-sidebar-layout":"default","site-content-layout":"default","ast-global-header-display":"","ast-banner-title-visibility":"","ast-main-header-display":"","ast-hfb-above-header-display":"","ast-hfb-below-header-display":"","ast-hfb-mobile-header-display":"","site-post-title":"","ast-breadcrumbs-content":"","ast-featured-img":"","footer-sml-layout":"","theme-transparent-header-meta":"","adv-header-id-meta":"","stick-header-meta":"","header-above-stick-meta":"","header-main-stick-meta":"","header-below-stick-meta":""},"categories":[778,769],"tags":[],"acf":[],"_links":{"self":[{"href":"https:\/\/www.cnbb.org.br\/cnbb-app\/wp\/v2\/posts\/22259"}],"collection":[{"href":"https:\/\/www.cnbb.org.br\/cnbb-app\/wp\/v2\/posts"}],"about":[{"href":"https:\/\/www.cnbb.org.br\/cnbb-app\/wp\/v2\/types\/post"}],"author":[{"embeddable":true,"href":"https:\/\/www.cnbb.org.br\/cnbb-app\/wp\/v2\/users\/83"}],"replies":[{"embeddable":true,"href":"https:\/\/www.cnbb.org.br\/cnbb-app\/wp\/v2\/comments?post=22259"}],"version-history":[{"count":0,"href":"https:\/\/www.cnbb.org.br\/cnbb-app\/wp\/v2\/posts\/22259\/revisions"}],"wp:featuredmedia":[{"embeddable":true,"href":"https:\/\/www.cnbb.org.br\/cnbb-app\/wp\/v2\/media\/22260"}],"wp:attachment":[{"href":"https:\/\/www.cnbb.org.br\/cnbb-app\/wp\/v2\/media?parent=22259"}],"wp:term":[{"taxonomy":"category","embeddable":true,"href":"https:\/\/www.cnbb.org.br\/cnbb-app\/wp\/v2\/categories?post=22259"},{"taxonomy":"post_tag","embeddable":true,"href":"https:\/\/www.cnbb.org.br\/cnbb-app\/wp\/v2\/tags?post=22259"}],"curies":[{"name":"wp","href":"https:\/\/api.w.org\/{rel}","templated":true}]}}