{"id":22261,"date":"2012-05-30T00:00:00","date_gmt":"2012-05-30T03:00:00","guid":{"rendered":"https:\/\/www.cnbb.org.br\/nomeado-bispo-para-a-diocese-de-guanhaes\/"},"modified":"2012-05-30T00:00:00","modified_gmt":"2012-05-30T03:00:00","slug":"nomeado-bispo-para-a-diocese-de-guanhaes","status":"publish","type":"post","link":"https:\/\/www.cnbb.org.br\/nomeado-bispo-para-a-diocese-de-guanhaes\/","title":{"rendered":"Nomeado bispo para a diocese de Guanh\u00e3es"},"content":{"rendered":"<p style=\"text-align: justify\">O Santo Padre, o papa Bento XVI, nomeou hoje, 30 de maio, para a diocese vacante de Guanh\u00e3es (MG), o padre Jeremias Ant\u00f4nio de Jesus, atualmente p\u00e1roco da Par\u00f3quia Cristo Rei, na cidade de Atibaia (SP).<\/p>\n<p><!--more--><\/p>\n<p style=\"text-align: justify\">Monsenhor Jeremias nasceu em Atibaia, no dia 27 de maio de1966. Cursou Filosofia no Semin\u00e1rio Arquidiocesano \u201cBom Jesus\u201d, em Aparecida (SP) e Teologia no Instituto Teol\u00f3gico Pio XI, em S\u00e3o Paulo (SP).<\/p>\n<p style=\"text-align: justify\">Em suas atividades enquanto sacerdote, monsenhor Jeremias Ant\u00f4nio de Jesus foi reitor do Semin\u00e1rio Maior Imaculada Concei\u00e7\u00e3o, na cidade de Caieiras (SP); vig\u00e1rio paroquial da Par\u00f3quia Santo Ant\u00f4nio, tamb\u00e9m em Caieiras; Administrador Paroquial das Par\u00f3quias de S\u00e3o Sebasti\u00e3o e S\u00e3o Pedro Ap\u00f3stolo, em Atibaia; Respons\u00e1vel pela Escola de Teologia para Leigos, tamb\u00e9m em Atibaia; professor de Metodologia Cient\u00edfica e L\u00edngua Portuguesa no Semin\u00e1rio proped\u00eautico, em Bragan\u00e7a Paulista (SP) e Vig\u00e1rio For\u00e2neo da Forania de Atibaia.<\/p>\n<p style=\"text-align: justify\"><strong>A diocese<\/strong><\/p>\n<p style=\"text-align: justify\">Criada em 24 de maio de 1985 pela Bula Pontif\u00edcia <em>RECTE QUIDEM<\/em>, do papa Jo\u00e3o Paulo II, tendo seu territ\u00f3rio desmembrado da arquidiocese de Diamantina e das dioceses de Governador Valadares e Itabira-Fabriciano; a diocese de Guanh\u00e3es foi instalada solenemente a 1\u00ba de maio de 1986, pelo ent\u00e3o N\u00fancio Apost\u00f3lico no Brasil, dom Carlo Furno, que no mesmo dia, deu posse ao primeiro bispo de Guanh\u00e3es, dom Ant\u00f4nio Felippe da Cunha.<\/p>\n<p style=\"text-align: justify\">A diocese de Guanh\u00e3es localiza-se na regi\u00e3o leste de Minas Gerais, pertence \u00e0 Prov\u00edncia Eclesi\u00e1stica de Diamantina e ao Regional Leste 2 da CNBB (Esp\u00edrito Santo e Minas Gerais). Geograficamente, limita-se com as dioceses de Governador Valadares, Itabira-Fabriciano e Sete Lagoas, al\u00e9m da arquidiocese de Diamantina e da diocese de Te\u00f3filo Otoni, todas em Minas Gerais. Sua superf\u00edcie \u00e9 de 15.542, 3 km\u00b2 e tem uma popula\u00e7\u00e3o de aproximadamente 263.472 habitantes, distribu\u00eddos em 30 munic\u00edpios, dos quais 27 s\u00e3o par\u00f3quias.<\/p>\n","protected":false},"excerpt":{"rendered":"<p>O Santo Padre, o papa Bento XVI, nomeou hoje, 30 de maio, para a diocese vacante de Guanh\u00e3es (MG), o padre Jeremias Ant\u00f4nio de Jesus, atualmente p\u00e1roco da Par\u00f3quia Cristo Rei, na cidade de Atibaia (SP).<\/p>\n","protected":false},"author":83,"featured_media":22262,"comment_status":"open","ping_status":"open","sticky":false,"template":"","format":"standard","meta":{"site-sidebar-layout":"default","site-content-layout":"default","ast-global-header-display":"","ast-banner-title-visibility":"","ast-main-header-display":"","ast-hfb-above-header-display":"","ast-hfb-below-header-display":"","ast-hfb-mobile-header-display":"","site-post-title":"","ast-breadcrumbs-content":"","ast-featured-img":"","footer-sml-layout":"","theme-transparent-header-meta":"","adv-header-id-meta":"","stick-header-meta":"","header-above-stick-meta":"","header-main-stick-meta":"","header-below-stick-meta":""},"categories":[778,769],"tags":[],"acf":[],"_links":{"self":[{"href":"https:\/\/www.cnbb.org.br\/cnbb-app\/wp\/v2\/posts\/22261"}],"collection":[{"href":"https:\/\/www.cnbb.org.br\/cnbb-app\/wp\/v2\/posts"}],"about":[{"href":"https:\/\/www.cnbb.org.br\/cnbb-app\/wp\/v2\/types\/post"}],"author":[{"embeddable":true,"href":"https:\/\/www.cnbb.org.br\/cnbb-app\/wp\/v2\/users\/83"}],"replies":[{"embeddable":true,"href":"https:\/\/www.cnbb.org.br\/cnbb-app\/wp\/v2\/comments?post=22261"}],"version-history":[{"count":0,"href":"https:\/\/www.cnbb.org.br\/cnbb-app\/wp\/v2\/posts\/22261\/revisions"}],"wp:featuredmedia":[{"embeddable":true,"href":"https:\/\/www.cnbb.org.br\/cnbb-app\/wp\/v2\/media\/22262"}],"wp:attachment":[{"href":"https:\/\/www.cnbb.org.br\/cnbb-app\/wp\/v2\/media?parent=22261"}],"wp:term":[{"taxonomy":"category","embeddable":true,"href":"https:\/\/www.cnbb.org.br\/cnbb-app\/wp\/v2\/categories?post=22261"},{"taxonomy":"post_tag","embeddable":true,"href":"https:\/\/www.cnbb.org.br\/cnbb-app\/wp\/v2\/tags?post=22261"}],"curies":[{"name":"wp","href":"https:\/\/api.w.org\/{rel}","templated":true}]}}