{"id":22265,"date":"2012-05-30T00:00:00","date_gmt":"2012-05-30T03:00:00","guid":{"rendered":"https:\/\/www.cnbb.org.br\/mundo-pluricultural-e-secularizado-e-destaque-do-2o-formise-do-regional-leste-2\/"},"modified":"2012-05-30T00:00:00","modified_gmt":"2012-05-30T03:00:00","slug":"mundo-pluricultural-e-secularizado-e-destaque-do-2o-formise-do-regional-leste-2","status":"publish","type":"post","link":"https:\/\/www.cnbb.org.br\/mundo-pluricultural-e-secularizado-e-destaque-do-2o-formise-do-regional-leste-2\/","title":{"rendered":"Mundo pluricultural e secularizado \u00e9 destaque do 2\u00ba Formise do Regional Leste 2"},"content":{"rendered":"<p style=\"text-align: justify\">A Casa das Irm\u00e3s Sacramentinas de Nossa Senhora, em Belo Horizonte (MG), acolheu nos dias 26 e 27 de maio, o 2\u00ba Encontro de Forma\u00e7\u00e3o Mission\u00e1ria para Seminaristas (Formise) do Regional Leste (Esp\u00edrito Santo e Minas Gerais). Participaram do encontro 20 seminaristas de Vit\u00f3ria (ES), Mariana (MG), Guanh\u00e3es (MG), Itabira Coronel Fabriciano (MG), T\u00e9ofilo Otoni (MG), Caratinga (MG), Leopoldina (MG), Pouso Alegre (MG), Campanha (MG) e Belo Horizonte, al\u00e9m da coordena\u00e7\u00e3o do Conselho Mission\u00e1rio Regional (Comire) Leste 2.<\/p>\n<p>  <!--more-->  <\/p>\n<p style=\"text-align: justify\">Durante o encontro, os participantes fizeram partilhas mission\u00e1rias e contaram suas experi\u00eancias. O secret\u00e1rio nacional da Pontif\u00edcia Uni\u00e3o Mission\u00e1ria, padre S\u00e1vio Corinaldesi, assessor do encontro, fez os seminaristas perceberem que o primeiro desafio da miss\u00e3o est\u00e1 na fam\u00edlia. Foi un\u00e2nime entre os partipantes que, de fato, as fam\u00edlias est\u00e3o fragmentadas, ademais, vivem um pluralismo religioso familiar, que, por sua vez, tem como consequ\u00eancia a desuni\u00e3o.<\/p>\n<p style=\"text-align: justify\">\u201cDevemos em primeiro lugar identificar os valores evang\u00e9licos, os quais s\u00e3o universais, diferente dos ritos\u201d, disse o assessor. Foi identificado um grande crescimento de outras igrejas e a Cat\u00f3lica j\u00e1 n\u00e3o \u00e9 mais a \u00fanica refer\u00eancia nas cidades. \u201cNa atual sociedade vivemos a passagem da homogeneidade para a diversidade religiosa, que, por sua vez, prop\u00f5e uma diversidade de caminhos que, na maioria das vezes, nos levam a vielas sem sa\u00edda, igualmente, os l\u00edderes mais afastam do que atraem\u201d, comentou padre S\u00e1vio.<\/p>\n<p style=\"text-align: justify\">Outro ponto bastante tocado pelo assessor foi com rela\u00e7\u00e3o ao desafio de se colocar perante o outro como aquele que serve e quer descobrir a verdade, a salva\u00e7\u00e3o. Ainda foi lembrado que a salva\u00e7\u00e3o \u00e9 a capacidade de se colocar diante do outro com respeito, o qual produz admira\u00e7\u00e3o. \u201cOra, quem admira n\u00e3o mata, acolher, pois o ato de matar o outro come\u00e7a em n\u00f3s mesmos, em nossa mente e em nosso cora\u00e7\u00e3o. Devemos, portanto, olhar para o outro a partir do que ele pode ser e n\u00e3o do que ele aparenta ser\u201d.<\/p>\n<p style=\"text-align: justify\">Padre S\u00e1vio, com base no Documento de Aparecida (DAp), convocou os seminaristas a ir ao encontro do outro, se colocar no lugar dele. \u201cDevemos ir at\u00e9 a outra margem, nos lembra o DAp, esta margem \u00e9 o lugar onde ningu\u00e9m experimentou ou conheceu o Cristo, para ser nesta realidade a Boa Not\u00edcia, encontrar-se com Deus no desconhecido\u201d, pontuou.<\/p>\n<p style=\"text-align: justify\">Mundo secular e pluricultural<\/p>\n<p style=\"text-align: justify\"><img decoding=\"async\" loading=\"lazy\" class=\" alignright size-full wp-image-14844\" style=\"float: right\" alt=\"formise2\" src=\"https:\/\/www.cnbb.org.br\/wp-content\/uploads\/2020\/03\/formise2.jpg\" height=\"201\" width=\"294\" \/>De acordo com o assessor, o di\u00e1logo \u00e9 o melhor caminho para trilhar na diversidade religiosa que vivemos hoje. \u201cNeste mundo, a sa\u00edda \u00e9 o di\u00e1logo, pois este \u00e9 sempre necess\u00e1rio\u201d, sintetizou. Citou ainda o mundo tecnol\u00f3gico, como um espa\u00e7o que deve ser abra\u00e7ado pelos mission\u00e1rios. \u201cO mundo contempor\u00e2neo \u00e9 tamb\u00e9m tecnol\u00f3gico e outro desafio dos mission\u00e1rios \u00e9 integrar tecnologia e amor, pois h\u00e1 um avan\u00e7o tecnol\u00f3gico de um lado, mas fome, guerra, destrui\u00e7\u00e3o de outro\u201d, sublinhou. Completou apontando o amor como o caminho para a paz e comunh\u00e3o de todos. \u201cO sonho deve ser comum e este consiste em tornar o mundo do meu semelhante melhor. Para isto, n\u00e3o devemos jamais desistir do amo, para que a partir do nosso gesto de amor o mundo pluralista, secularizado e sofredor, seja melhor, tudo para gl\u00f3ria de Deus\u201d.<\/p>\n<p style=\"text-align: justify\">Ainda sobre a sociedade secularizada que assistimos nos dias atuais, padre S\u00e1vio exortou os seminaristas a perceberem que os s\u00edmbolos religiosos est\u00e3o caindo no esquecimento e dando lugar aos s\u00edmbolos capitalistas. Citou o exemplo do pres\u00e9pio. \u201cTristemente estamos caindo nesta ideologia, o pres\u00e9pio, por exemplo, n\u00e3o \u00e9 o s\u00edmbolo mais importante nas igrejas, mas a \u00e1rvore de Natal. Esta sociedade faz de Deus um devedor, estamos comprando Deus\u201d. Ele deu mais dois exemplos que caracterizam bem o momento por que passamos. \u201cO charlatanismo e a teologia da prosperidade\u201d. Fez ainda um questionamento. \u201cN\u00f3s tamb\u00e9m n\u00e3o brincamos com Deus, no sentido que este tem que fazer nossa vontade (magia), sendo que n\u00f3s \u00e9 que devemos fazer a vontade de Deus (religi\u00e3o)?\u201d.<\/p>\n<p style=\"text-align: justify\">Para sair das dificuldades impostas pelo mundo secularizado, o assessor do Formise chamou a aten\u00e7\u00e3o dos participantes para inovar nos trabalhos pastorais, criar e recriar modos novos de enfrentar os problemas, n\u00e3o planejar e nem executar o esp\u00edrito empresarial, mas a partir do Esp\u00edrito Santo. \u201cPara que esta pr\u00e1tica seja eficaz e aut\u00eantica, \u00e9 preciso enfrentar o desafio de evangelizar o evangelizador, ou seja, permanecer constantemente destinat\u00e1rio do Evangelho, procurar Cristo onde ele est\u00e1, ser h\u00f3spede, ser solid\u00e1rio nas alegria e na dor, fazer pensar a partir do an\u00fancio, desmistificar as falsas imagens de Deus, por fim, respeitar a diversidade eclesial (At 15, 19)\u201d.<\/p>\n<p style=\"text-align: justify\">Os Conselhos Mission\u00e1rios de Seminaristas<\/p>\n<p style=\"text-align: justify\">Por fim, os participantes realizaram uma partilha das discuss\u00f5es entre as dioceses, com testemunhos mission\u00e1rios, com o objetivo de apresentar os trabalhos realizados pelo Conselho Mission\u00e1rio dos Seminaristas (Comise) de cada diocese. Padre S\u00e1vio tamb\u00e9m abordou sobre a cria\u00e7\u00e3o do Comise e seus objetivos. \u201cA fun\u00e7\u00e3o do Comise \u00e9 atentar-se para uma forma\u00e7\u00e3o mais hol\u00edstica, ou seja, que se abra para o mundo e suas dificuldades, tendo em vista a dimens\u00e3o mission\u00e1ria, para isso, \u00e9 necess\u00e1rio que saiamos dos muros das faculdades, universidades e, sobretudo, dos muros das dioceses, sem perder o v\u00ednculo de filhos da mesma diocese\u201d.<\/p>\n<p style=\"text-align: justify\">Segundo padre S\u00e1vio, \u00e9 objetivo tamb\u00e9m dos Comises, \u00e9 investir em livros voltados para a miss\u00e3o, revistas, entre outros; dedicando a miss\u00e3o por toda a vida. O bispo \u00e9 o primeiro animador das voca\u00e7\u00f5es mission\u00e1rias das dioceses, ensinando os futuros padres que eles s\u00e3o padres para o mundo. \u201c\u00c9 de responsabilidade do Comise animar a forma\u00e7\u00e3o, o esp\u00edrito mission\u00e1rio e a espiritualidade apost\u00f3lica aberta tamb\u00e9m aos horizontes mission\u00e1rios, onde est\u00e3o em jogo os grandes destinos da humanidade em vista do plano da reden\u00e7\u00e3o\u201d, disse.<\/p>\n<p style=\"text-align: justify\">Padre S\u00e1vio ainda reservou um momento para falar do 3\u00ba Congresso Mission\u00e1rio Nacional que ir\u00e1 acontecer em Palmas (TO) entre os dias 12 e 15 de julho, pr\u00f3ximos.<\/p>\n","protected":false},"excerpt":{"rendered":"<p>A Casa das Irm\u00e3s Sacramentinas de Nossa Senhora, em Belo Horizonte (MG), acolheu nos dias 26 e 27 de maio, o 2\u00ba Encontro de Forma\u00e7\u00e3o Mission\u00e1ria para Seminaristas (Formise) do Regional Leste (Esp\u00edrito Santo e Minas Gerais). Participaram do encontro 20 seminaristas de Vit\u00f3ria (ES), Mariana (MG), Guanh\u00e3es (MG), Itabira Coronel Fabriciano (MG), T\u00e9ofilo Otoni &hellip;<\/p>\n<p class=\"read-more\"> <a class=\"\" href=\"https:\/\/www.cnbb.org.br\/mundo-pluricultural-e-secularizado-e-destaque-do-2o-formise-do-regional-leste-2\/\"> <span class=\"screen-reader-text\">Mundo pluricultural e secularizado \u00e9 destaque do 2\u00ba Formise do Regional Leste 2<\/span> Leia mais &raquo;<\/a><\/p>\n","protected":false},"author":83,"featured_media":22266,"comment_status":"open","ping_status":"open","sticky":false,"template":"","format":"standard","meta":{"site-sidebar-layout":"default","site-content-layout":"default","ast-global-header-display":"","ast-banner-title-visibility":"","ast-main-header-display":"","ast-hfb-above-header-display":"","ast-hfb-below-header-display":"","ast-hfb-mobile-header-display":"","site-post-title":"","ast-breadcrumbs-content":"","ast-featured-img":"","footer-sml-layout":"","theme-transparent-header-meta":"","adv-header-id-meta":"","stick-header-meta":"","header-above-stick-meta":"","header-main-stick-meta":"","header-below-stick-meta":""},"categories":[778,769],"tags":[],"acf":[],"_links":{"self":[{"href":"https:\/\/www.cnbb.org.br\/cnbb-app\/wp\/v2\/posts\/22265"}],"collection":[{"href":"https:\/\/www.cnbb.org.br\/cnbb-app\/wp\/v2\/posts"}],"about":[{"href":"https:\/\/www.cnbb.org.br\/cnbb-app\/wp\/v2\/types\/post"}],"author":[{"embeddable":true,"href":"https:\/\/www.cnbb.org.br\/cnbb-app\/wp\/v2\/users\/83"}],"replies":[{"embeddable":true,"href":"https:\/\/www.cnbb.org.br\/cnbb-app\/wp\/v2\/comments?post=22265"}],"version-history":[{"count":0,"href":"https:\/\/www.cnbb.org.br\/cnbb-app\/wp\/v2\/posts\/22265\/revisions"}],"wp:featuredmedia":[{"embeddable":true,"href":"https:\/\/www.cnbb.org.br\/cnbb-app\/wp\/v2\/media\/22266"}],"wp:attachment":[{"href":"https:\/\/www.cnbb.org.br\/cnbb-app\/wp\/v2\/media?parent=22265"}],"wp:term":[{"taxonomy":"category","embeddable":true,"href":"https:\/\/www.cnbb.org.br\/cnbb-app\/wp\/v2\/categories?post=22265"},{"taxonomy":"post_tag","embeddable":true,"href":"https:\/\/www.cnbb.org.br\/cnbb-app\/wp\/v2\/tags?post=22265"}],"curies":[{"name":"wp","href":"https:\/\/api.w.org\/{rel}","templated":true}]}}