{"id":22274,"date":"2012-06-12T00:00:00","date_gmt":"2012-06-12T03:00:00","guid":{"rendered":"https:\/\/www.cnbb.org.br\/novo-bispo-de-guanhaes-escreve-mensagem-aos-presbiteros-e-fieis\/"},"modified":"2012-06-12T00:00:00","modified_gmt":"2012-06-12T03:00:00","slug":"novo-bispo-de-guanhaes-escreve-mensagem-aos-presbiteros-e-fieis","status":"publish","type":"post","link":"https:\/\/www.cnbb.org.br\/novo-bispo-de-guanhaes-escreve-mensagem-aos-presbiteros-e-fieis\/","title":{"rendered":"Novo bispo de Guanh\u00e3es escreve mensagem aos presb\u00edteros e fieis"},"content":{"rendered":"<p style=\"text-align: justify\">O novo bispo da diocese de Guanh\u00e3es (MG), monsenhor Jeremias Ant\u00f4nio de Jesus, escreveu uma carta aos presb\u00edteros e fi\u00e9is da diocese. Intitulada \u201cFiat Voluntas Tua\u201d, ou seja, \u201cQue assim seja a sua vontade\u201d, monsenhor Jeremias afirma ter recebido com alegria e temor a nomea\u00e7\u00e3o para a diocese de Guanh\u00e3es.<\/p>\n<p><!--more--><\/p>\n<p style=\"text-align: justify\">\u201cSinto alegria porque \u00e9 uma miss\u00e3o confiada por Deus, porque \u00e9 um pedido de Sua Santidade, o papa Bento XVI e, porque \u00e9 um pedido da Santa M\u00e3e Igreja. O temor se justifica, porque ultrapassa todos os limites de meu ser humano, pequeno e fr\u00e1gil, e os desafios da Messe do Senhor s\u00e3o sempre muito grandes. Sei que ser Bispo n\u00e3o \u00e9 uma honra, mas um servi\u00e7o e, foi por isso, que respondi SIM ao chamado para assumir o pastoreio desta Diocese, que mesmo sem conhec\u00ea-la, j\u00e1 posso dizer que a amo\u201d, disse o novo bispo.<\/p>\n<p style=\"text-align: justify\">Leia agora a \u00edntegra da mensagem de dom Jeremias Ant\u00f4nio de Jesus:<\/p>\n<p style=\"text-align: center\"><strong>\u201cFiat Voluntas Tua\u201d<\/strong><\/p>\n<p style=\"text-align: justify\"><em>CARTA AOS IRM\u00c3OS PRESB\u00cdTEROS E A TODOS OS FI\u00c9IS DA DIOCESE DE GUANH\u00c3ES,<\/em><\/p>\n<p style=\"text-align: justify\"><em>Paz e b\u00ean\u00e7\u00e3os no Senhor!<\/em><\/p>\n<p style=\"text-align: justify\"><em>Foi com alegria e temor que recebi, atrav\u00e9s de S. Ex\u00aa Rev\u00aa Dom Giovanni d\u2019Aniello, N\u00fancio Apost\u00f3lico, a nomea\u00e7\u00e3o como Bispo da Diocese de Guanh\u00e3es, no Estado de Minas Gerais. Sinto alegria porque \u00e9 uma miss\u00e3o confiada por Deus, porque \u00e9 um pedido de Sua Santidade, o Papa Bento XVI e, porque \u00e9 um pedido da Santa M\u00e3e Igreja. O temor se justifica, porque ultrapassa todos os limites de meu ser humano, pequeno e fr\u00e1gil, e os desafios da Messe do Senhor s\u00e3o sempre muito grandes. Sei que ser Bispo n\u00e3o \u00e9 uma honra, mas um servi\u00e7o e, foi por isso, que respondi SIM ao chamado para assumir o pastoreio desta Diocese, que mesmo sem conhec\u00ea-la, j\u00e1 posso dizer que a amo.<\/em><\/p>\n<p style=\"text-align: justify\"><em>No bairro onde nasci e cresci, chamado Bairro do Port\u00e3o, onde tamb\u00e9m meus pais vivem at\u00e9 hoje, h\u00e1 muitos mineiros. Ali\u00e1s, h\u00e1 uma vila que se chama \u201cVila dos Mineiros\u201d. Por ocasi\u00e3o de minha nomea\u00e7\u00e3o, muitos j\u00e1 vieram felizes me cumprimentar. Fiquei sabendo que h\u00e1 muitos mineiros da regi\u00e3o de Guanh\u00e3es espalhados pelo bairro. Todos falam coisas muito bonitas, o que aumenta ainda mais as minhas expectativas. Por este motivo, sempre tive muita afei\u00e7\u00e3o pelo povo mineiro, pelo jeito simples de ser e de modo especial, pelo jeito de acolher.<\/em><\/p>\n<p style=\"text-align: justify\"><em>Tenho consci\u00eancia que muitos est\u00e3o ansiosos e se perguntando a respeito de minha linha de a\u00e7\u00e3o e que tipo de orienta\u00e7\u00e3o darei \u00e0 Diocese. Para mim isso \u00e9 normal. Eu tamb\u00e9m estou cheio de ansiedade e curiosidade. N\u00e3o existe outro jeito de saber, a n\u00e3o ser conhecendo-nos mutuamente. O tempo, certamente, vai nos ajudar muito neste processo. O importante \u00e9 que estejamos abertos e desprovidos de qualquer preconceito. Neste sentido quero iniciar o meu minist\u00e9rio acolhendo carinhosamente a todos. Desejo caminhar junto com todos os que a\u00ed j\u00e1 trabalham e sempre em comunh\u00e3o com a Igreja, com o Santo Padre, o Papa, com os Bispos, com o Clero, com os agentes de pastoral e movimentos, com as equipes de trabalho, minist\u00e9rios, associa\u00e7\u00f5es religiosas, irmandades e com todo o povo desta Diocese. Quero, com paci\u00eancia e caridade, conhecer, ouvir, refletir, esperar e acolher sempre. Que o Bom Deus nos ajude e nos oriente.<\/em><\/p>\n<p style=\"text-align: justify\"><em>Com rever\u00eancia, desejo saudar os Excelent\u00edssimos Senhores Bispos da Prov\u00edncia Eclesi\u00e1stica de Diamantina, e com respeito e admira\u00e7\u00e3o, os Em\u00e9ritos. Conto com a ora\u00e7\u00e3o e amizade de todos.<\/em><\/p>\n<p style=\"text-align: justify\"><em>Quero, com muito carinho e respeito, saudar paternalmente os Sacerdotes, os Di\u00e1conos, os Seminaristas, os Religiosos, as Religiosas e todos os consagrados presentes na Diocese. Conto com a amizade e a motiva\u00e7\u00e3o de todos para que a nossa a\u00e7\u00e3o seja impregnada do Esp\u00edrito de Cristo e atinja mais eficazmente o seu fim, na caridade e na paz.<\/em><\/p>\n<p style=\"text-align: justify\"><em>Quero saudar os crist\u00e3os leigos e leigas, que na diversidade de dons desempenham o seu trabalho no amor a Deus e \u00e0 Igreja; os irm\u00e3os e irm\u00e3s de outras Igrejas Crist\u00e3s e confiss\u00f5es religiosas, as autoridades constitu\u00eddas e todos os que na Diocese desempenham a\u00e7\u00f5es e assumem encargos e servi\u00e7os em prol da popula\u00e7\u00e3o. Que possamos juntos e na mesma convic\u00e7\u00e3o trabalhar para que a vida humana seja cada vez mais digna.<\/em><\/p>\n<p style=\"text-align: justify\"><em>Convido a todos, mediante o nosso agir pelo Reino, e com os frutos da nossa atividade, a realizarmos a Comunh\u00e3o Fraterna. Que todos juntos, alimentando-nos da Palavra e da Eucaristia, consigamos realizar aquilo que o Esp\u00edrito Santo nos inspirar e fazermos sempre a vontade do Pai. A messe \u00e9 grande. Os desafios s\u00e3o muitos. A fam\u00edlia, a juventude, os pobres e marginalizados, os que sofrem preconceitos e discrimina\u00e7\u00e3o, os enfermos, os idosos, os que sofrem na solid\u00e3o, os pequeninos que o Pai tanto ama, esperam de n\u00f3s, particularmente do Bispo, uma palavra de f\u00e9 e de esperan\u00e7a para que possam vislumbrar uma sa\u00edda e encontrar caminhos novos.<\/em><\/p>\n<p style=\"text-align: justify\"><em>Que a M\u00e3e Imaculada interceda por todos. Confio-me inteiramente a ela para que eu consiga corresponder \u00e0s expectativas e sempre exercer o Minist\u00e9rio Episcopal com alegria e solicitude. Que o Arcanjo S\u00e3o Miguel esteja sempre a nos defender. Pe\u00e7o a ora\u00e7\u00e3o de todos para que, atrav\u00e9s de mim e de todos os meus colaboradores, na Diocese de Guanh\u00e3es, seja feita a Vontade de Deus.<\/em><\/p>\n<p style=\"text-align: justify\"><em>Aben\u00e7oando a todos,<\/em><\/p>\n<p style=\"text-align: center\"><strong><em>Monsenhor Jeremias Ant\u00f4nio de Jesus<br \/>\nBispo da diocese de Guanh\u00e3es<\/em><\/strong><\/p>\n","protected":false},"excerpt":{"rendered":"<p>O novo bispo da diocese de Guanh\u00e3es (MG), monsenhor Jeremias Ant\u00f4nio de Jesus, escreveu uma carta aos presb\u00edteros e fi\u00e9is da diocese. Intitulada \u201cFiat Voluntas Tua\u201d, ou seja, \u201cQue assim seja a sua vontade\u201d, monsenhor Jeremias afirma ter recebido com alegria e temor a nomea\u00e7\u00e3o para a diocese de Guanh\u00e3es.<\/p>\n","protected":false},"author":83,"featured_media":22275,"comment_status":"open","ping_status":"open","sticky":false,"template":"","format":"standard","meta":{"site-sidebar-layout":"default","site-content-layout":"default","ast-global-header-display":"","ast-banner-title-visibility":"","ast-main-header-display":"","ast-hfb-above-header-display":"","ast-hfb-below-header-display":"","ast-hfb-mobile-header-display":"","site-post-title":"","ast-breadcrumbs-content":"","ast-featured-img":"","footer-sml-layout":"","theme-transparent-header-meta":"","adv-header-id-meta":"","stick-header-meta":"","header-above-stick-meta":"","header-main-stick-meta":"","header-below-stick-meta":""},"categories":[778,769],"tags":[],"acf":[],"_links":{"self":[{"href":"https:\/\/www.cnbb.org.br\/cnbb-app\/wp\/v2\/posts\/22274"}],"collection":[{"href":"https:\/\/www.cnbb.org.br\/cnbb-app\/wp\/v2\/posts"}],"about":[{"href":"https:\/\/www.cnbb.org.br\/cnbb-app\/wp\/v2\/types\/post"}],"author":[{"embeddable":true,"href":"https:\/\/www.cnbb.org.br\/cnbb-app\/wp\/v2\/users\/83"}],"replies":[{"embeddable":true,"href":"https:\/\/www.cnbb.org.br\/cnbb-app\/wp\/v2\/comments?post=22274"}],"version-history":[{"count":0,"href":"https:\/\/www.cnbb.org.br\/cnbb-app\/wp\/v2\/posts\/22274\/revisions"}],"wp:featuredmedia":[{"embeddable":true,"href":"https:\/\/www.cnbb.org.br\/cnbb-app\/wp\/v2\/media\/22275"}],"wp:attachment":[{"href":"https:\/\/www.cnbb.org.br\/cnbb-app\/wp\/v2\/media?parent=22274"}],"wp:term":[{"taxonomy":"category","embeddable":true,"href":"https:\/\/www.cnbb.org.br\/cnbb-app\/wp\/v2\/categories?post=22274"},{"taxonomy":"post_tag","embeddable":true,"href":"https:\/\/www.cnbb.org.br\/cnbb-app\/wp\/v2\/tags?post=22274"}],"curies":[{"name":"wp","href":"https:\/\/api.w.org\/{rel}","templated":true}]}}