{"id":22276,"date":"2012-06-18T00:00:00","date_gmt":"2012-06-18T03:00:00","guid":{"rendered":"https:\/\/www.cnbb.org.br\/encontro-reune-autoridades-em-vitoria\/"},"modified":"2012-06-18T00:00:00","modified_gmt":"2012-06-18T03:00:00","slug":"encontro-reune-autoridades-em-vitoria","status":"publish","type":"post","link":"https:\/\/www.cnbb.org.br\/encontro-reune-autoridades-em-vitoria\/","title":{"rendered":"Encontro re\u00fane autoridades em Vit\u00f3ria"},"content":{"rendered":"<p style=\"text-align: justify\">A convite do arcebispo de Vit\u00f3rias (ES), dom Luiz Mancilha Vilela, aconteceu na manh\u00e3 de sexta-feira, 15 de junho, o Encontro de Pol\u00edticos Cat\u00f3licos. Dois momentos marcaram o evento: a reflex\u00e3o sobre o papel das lideran\u00e7as pol\u00edticas na constru\u00e7\u00e3o da sociedade e a Celebra\u00e7\u00e3o da Eucaristia.<\/p>\n<p>  <!--more-->  <\/p>\n<p style=\"text-align: justify\">O encontro, que reuniu pol\u00edticos de diferentes partidos, teve como objetivo orientar os pol\u00edticos cat\u00f3licos de Vit\u00f3ria sobre \u00e0 necessidade de testemunhar a f\u00e9 na vida p\u00fablica. Sobre isso, ressaltou dom Luiz Macilha, \u201ca quest\u00e3o \u00e9 que como cat\u00f3lico, n\u00e3o posso concordar com atitudes que v\u00e3o contra os meus valores. Como cat\u00f3licos, precisamos fazer a diferen\u00e7a\u201d, ressaltou.<\/p>\n<p style=\"text-align: justify\">Dando continuidade ao discurso, o arcebispo prop\u00f4s um desafio para as autoridades durante o evento, o de refletir sobre a presen\u00e7a significativa do cat\u00f3lico no partido ao qual pertence. Os participantes foram convidados a se dividirem em pequenos grupos, para refletirem sobre a\u00a0 viv\u00eancia da f\u00e9 no seu campo de trabalho, a Pol\u00edtica.<\/p>\n<p style=\"text-align: justify\">De maneira geral os grupos apontaram a necessidade de fortalecer a f\u00e9 e expressaram as dificuldades para agir em coer\u00eancia com valores e princ\u00edpios. Pediram apoio da Igreja e sugeriram uma missa mensal.<\/p>\n<p style=\"text-align: justify\">O encontro foi encerrado com a celebra\u00e7\u00e3o da missa, presidida por dom Luiz, que prop\u00f4s como resposta \u00e0s inquieta\u00e7\u00f5es dos grupos de vivenciar a f\u00e9 em seus ambientes, a ora\u00e7\u00e3o antiga e muito apropriada para o dia de hoje que comemora o Sagrado Cora\u00e7\u00e3o de Jesus: \u201cSagrado Cora\u00e7\u00e3o de Jesus fazei nossos cora\u00e7\u00f5es serem semelhantes ao vosso\u201d.<\/p>\n","protected":false},"excerpt":{"rendered":"<p>A convite do arcebispo de Vit\u00f3rias (ES), dom Luiz Mancilha Vilela, aconteceu na manh\u00e3 de sexta-feira, 15 de junho, o Encontro de Pol\u00edticos Cat\u00f3licos. Dois momentos marcaram o evento: a reflex\u00e3o sobre o papel das lideran\u00e7as pol\u00edticas na constru\u00e7\u00e3o da sociedade e a Celebra\u00e7\u00e3o da Eucaristia.<\/p>\n","protected":false},"author":83,"featured_media":22277,"comment_status":"open","ping_status":"open","sticky":false,"template":"","format":"standard","meta":{"site-sidebar-layout":"default","site-content-layout":"default","ast-global-header-display":"","ast-banner-title-visibility":"","ast-main-header-display":"","ast-hfb-above-header-display":"","ast-hfb-below-header-display":"","ast-hfb-mobile-header-display":"","site-post-title":"","ast-breadcrumbs-content":"","ast-featured-img":"","footer-sml-layout":"","theme-transparent-header-meta":"","adv-header-id-meta":"","stick-header-meta":"","header-above-stick-meta":"","header-main-stick-meta":"","header-below-stick-meta":""},"categories":[778,769],"tags":[],"acf":[],"_links":{"self":[{"href":"https:\/\/www.cnbb.org.br\/cnbb-app\/wp\/v2\/posts\/22276"}],"collection":[{"href":"https:\/\/www.cnbb.org.br\/cnbb-app\/wp\/v2\/posts"}],"about":[{"href":"https:\/\/www.cnbb.org.br\/cnbb-app\/wp\/v2\/types\/post"}],"author":[{"embeddable":true,"href":"https:\/\/www.cnbb.org.br\/cnbb-app\/wp\/v2\/users\/83"}],"replies":[{"embeddable":true,"href":"https:\/\/www.cnbb.org.br\/cnbb-app\/wp\/v2\/comments?post=22276"}],"version-history":[{"count":0,"href":"https:\/\/www.cnbb.org.br\/cnbb-app\/wp\/v2\/posts\/22276\/revisions"}],"wp:featuredmedia":[{"embeddable":true,"href":"https:\/\/www.cnbb.org.br\/cnbb-app\/wp\/v2\/media\/22277"}],"wp:attachment":[{"href":"https:\/\/www.cnbb.org.br\/cnbb-app\/wp\/v2\/media?parent=22276"}],"wp:term":[{"taxonomy":"category","embeddable":true,"href":"https:\/\/www.cnbb.org.br\/cnbb-app\/wp\/v2\/categories?post=22276"},{"taxonomy":"post_tag","embeddable":true,"href":"https:\/\/www.cnbb.org.br\/cnbb-app\/wp\/v2\/tags?post=22276"}],"curies":[{"name":"wp","href":"https:\/\/api.w.org\/{rel}","templated":true}]}}