{"id":22279,"date":"2012-06-26T00:00:00","date_gmt":"2012-06-26T03:00:00","guid":{"rendered":"https:\/\/www.cnbb.org.br\/arquidiocese-de-juiz-de-fora-sedia-encontro-da-sociedade-brasileira-de-canonistas\/"},"modified":"2012-06-26T00:00:00","modified_gmt":"2012-06-26T03:00:00","slug":"arquidiocese-de-juiz-de-fora-sedia-encontro-da-sociedade-brasileira-de-canonistas","status":"publish","type":"post","link":"https:\/\/www.cnbb.org.br\/arquidiocese-de-juiz-de-fora-sedia-encontro-da-sociedade-brasileira-de-canonistas\/","title":{"rendered":"Arquidiocese de Juiz de Fora sedia Encontro da Sociedade Brasileira de Canonistas"},"content":{"rendered":"<p style=\"text-align: justify\">Nos dias 9 a 14 de julho de 2012 a Arquidiocese de Juiz de Fora sediar\u00e1 o 27\u00ba\u00a0 Encontro da Sociedade Brasileira de Canonistas e 29\u00ba Encontro dos Servidores dos Tribunais Eclesi\u00e1sticos do Brasil.<\/p>\n<p>  <!--more-->  <\/p>\n<p style=\"text-align: justify\">O evento organizado pelo Tribunal Eclesi\u00e1stico Interdiocesano e de Apela\u00e7\u00e3o de Juiz de Fora e pela Sociedade Brasileira de Canonistas ter\u00e1 como tema \u201cC\u00e2non 1095 em sua atualidade e diversidade com o Canonista Pe. Alejandro Bunge\u201d, e lema &#8220;Felizes os que t\u00eam fome e sede de justi\u00e7a, porque ser\u00e3o saciados&#8221; Mt, 5, 6.<\/p>\n<p style=\"text-align: justify\">O 27\u00ba Encontro da Sociedade Brasileira de Canonistas e XXIX dos Servidores dos Tribunais Eclesi\u00e1sticos do Brasil ser\u00e1 realizado no Victory Business Hotel (Av. Itamar Franco 1850, S\u00e3o Mateus) em\u00a0 Juiz de Fora (MG).<\/p>\n<p style=\"text-align: justify\">As inscri\u00e7\u00f5es podem ser feitas at\u00e9 o dia 2 de julho atrav\u00e9s do site da Sociedade Brasileira de Canonistas: www.infosbc.org.br.<\/p>\n<p style=\"text-align: justify\"><strong>Programa\u00e7\u00e3o:<\/strong><\/p>\n<p style=\"text-align: justify\"><strong>Dia 09<\/strong> &#8211; Segunda &#8211; Santa Paulina do Cora\u00e7\u00e3o Agonizante de Jesus<br \/>15h &#8211; Acolhida dos encontristas no Hotel Victory<br \/>16h30- Inscri\u00e7\u00e3o e entrega do material do Encontro<br \/>18h &#8211; Concentra\u00e7\u00e3o e sa\u00edda para a Missa de Abertura do Encontro<br \/>19h &#8211; Abertura com Santa Missa presidida pelo Arcebispo Metropolitano de Juiz de Fora, Dom Gil Ant\u00f4nio Moreira &#8211; na Catedral Santo Ant\u00f4nio ou na Igreja S\u00e3o Mateus, devido a reforma da Catedral<br \/>20h30 &#8211; Jantar de Boas-vindas<\/p>\n<p style=\"text-align: justify\"><strong>Dia 10<\/strong> &#8211;\u00a0 Ter\u00e7a &#8211; Santo Olavo<br \/>7h &#8211; Caf\u00e9 da manh\u00e3<br \/>7h30 &#8211; Of\u00edcio de Laudes (Sala de Palestras)<br \/>8h &#8211; Abertura dos trabalhos com avisos gerais<br \/>8h10 &#8211; Confer\u00eancia sobre o C\u00e2non 1095 &#8211; Pe. Alejandro Bunge<br \/>10h &#8211; Coffee break<br \/>10h30 &#8211; Confer\u00eancia sobre o C\u00e2non 1095 &#8211; Pe. Alejandro Bunge<br \/>12h \u2013 Almo\u00e7o<br \/>14h &#8211; Confer\u00eancia sobre o C\u00e2non 818 do CCEO, Pe. Ziad do Rito Greco-Melquita<br \/>16h &#8211; Coffee break<br \/>17h &#8211; Oficina com os Servidores dos Tribunais e Canonistas<br \/>19h &#8211; Santa e Divina Liturgia na Igreja S\u00e3o Jorge (Rito Greco-Melquita) com Eparca Dom Fares Maakaroun &#8211; Bispo da Igreja<br \/>Melquita no Brasil.<br \/>20h30 \u2013 Jantar.<\/p>\n<p style=\"text-align: justify\"><strong>Dia 11<\/strong> &#8211; Quarta &#8211; S\u00e3o Bento<br \/>7h &#8211; Caf\u00e9 da manh\u00e3<br \/>7h30 &#8211; Of\u00edcio de Laudes (Sala de Palestras)<br \/>8h &#8211; Abertura dos trabalhos com avisos gerais<br \/>8h10 &#8211; Confer\u00eancia sobre o C\u00e2non 1095 &#8211; Pe. Alejandro Bunge<br \/>10h &#8211; Coffee break<br \/>10h30 &#8211; Confer\u00eancia sobre o C\u00e2non 1095 &#8211; Pe. Alejandro Bunge<br \/>12h \u2013 Almo\u00e7o<br \/>14h &#8211; Oficina com os Servidores dos Tribunais e Canonistas<br \/>15h30 &#8211; Assembl\u00e9ia Geral da Sociedade Brasileira de Canonistas<br \/>16h &#8211; Coffee break<br \/>18h &#8211; Santa Missa no Sal\u00e3o de Palestras presidida pelo Monge<br \/>Beneditino Dom Hugo e co-celebrada pelos demais.<br \/>19h &#8211; Jantar<\/p>\n<p style=\"text-align: justify\"><strong>Dia 12<\/strong> &#8211; Quinta &#8211; S\u00e3o Jo\u00e3o Gualberto<br \/>7h &#8211; Caf\u00e9 da manh\u00e3<br \/>7h30 &#8211; Of\u00edcio de Laudes (Sala de Palestras)<br \/>8h &#8211; Abertura dos trabalhos com avisos gerais<br \/>8h10 &#8211; Confer\u00eancia sobre o C\u00e2non 1095 &#8211; Pe. Alejandro Bunge<br \/>10h &#8211; Coffee break<br \/>10h30 &#8211; Confer\u00eancia sobre o C\u00e2non 1095 &#8211; Pe. Alejandro Bunge<br \/>12h \u2013 Almo\u00e7o<br \/>14h &#8211; Confer\u00eancia com os Servidores dos Tribunais e Canonistas<br \/>15h30 &#8211; Coffee break<br \/>16h &#8211; Oficina com os Servidores dos Tribunais e Canonistas<br \/>18h &#8211; Santa Missa de Encerramento dos Trabalhos Presidida pelo Presidente da SBC\u00a0 e co-celebrada pelos demais<br \/>20h &#8211; Jantar Festivo de Confraterniza\u00e7\u00e3o<\/p>\n<p style=\"text-align: justify\"><strong>Dia 13<\/strong> &#8211; Sexta &#8211; Santo Henrique e Santa Cunegundes<br \/>7h &#8211; Caf\u00e9 da manh\u00e3<br \/>7h30 &#8211; Of\u00edcio de Laudes (Sala de Palestras)<br \/>8h &#8211; Passeio em cidades hist\u00f3ricas (S\u00e3o Jo\u00e3o Del Rey e Tiradentes)<br \/>18h &#8211; Retorno ao Hotel<\/p>\n<p style=\"text-align: justify\"><strong>Dia 14<\/strong> &#8211; S\u00e1bado &#8211; S\u00e3o Camilo de L\u00e9llis<br \/>07h &#8211; Caf\u00e9 da manh\u00e3<br \/>07h30 &#8211; Of\u00edcio de Laudes (Sala de Palestras)<br \/>Encerramento das Atividades<\/p>\n","protected":false},"excerpt":{"rendered":"<p>Nos dias 9 a 14 de julho de 2012 a Arquidiocese de Juiz de Fora sediar\u00e1 o 27\u00ba\u00a0 Encontro da Sociedade Brasileira de Canonistas e 29\u00ba Encontro dos Servidores dos Tribunais Eclesi\u00e1sticos do Brasil.<\/p>\n","protected":false},"author":83,"featured_media":0,"comment_status":"open","ping_status":"open","sticky":false,"template":"","format":"standard","meta":{"site-sidebar-layout":"default","site-content-layout":"default","ast-global-header-display":"","ast-banner-title-visibility":"","ast-main-header-display":"","ast-hfb-above-header-display":"","ast-hfb-below-header-display":"","ast-hfb-mobile-header-display":"","site-post-title":"","ast-breadcrumbs-content":"","ast-featured-img":"","footer-sml-layout":"","theme-transparent-header-meta":"","adv-header-id-meta":"","stick-header-meta":"","header-above-stick-meta":"","header-main-stick-meta":"","header-below-stick-meta":""},"categories":[778,769],"tags":[],"acf":[],"_links":{"self":[{"href":"https:\/\/www.cnbb.org.br\/cnbb-app\/wp\/v2\/posts\/22279"}],"collection":[{"href":"https:\/\/www.cnbb.org.br\/cnbb-app\/wp\/v2\/posts"}],"about":[{"href":"https:\/\/www.cnbb.org.br\/cnbb-app\/wp\/v2\/types\/post"}],"author":[{"embeddable":true,"href":"https:\/\/www.cnbb.org.br\/cnbb-app\/wp\/v2\/users\/83"}],"replies":[{"embeddable":true,"href":"https:\/\/www.cnbb.org.br\/cnbb-app\/wp\/v2\/comments?post=22279"}],"version-history":[{"count":0,"href":"https:\/\/www.cnbb.org.br\/cnbb-app\/wp\/v2\/posts\/22279\/revisions"}],"wp:attachment":[{"href":"https:\/\/www.cnbb.org.br\/cnbb-app\/wp\/v2\/media?parent=22279"}],"wp:term":[{"taxonomy":"category","embeddable":true,"href":"https:\/\/www.cnbb.org.br\/cnbb-app\/wp\/v2\/categories?post=22279"},{"taxonomy":"post_tag","embeddable":true,"href":"https:\/\/www.cnbb.org.br\/cnbb-app\/wp\/v2\/tags?post=22279"}],"curies":[{"name":"wp","href":"https:\/\/api.w.org\/{rel}","templated":true}]}}