{"id":22303,"date":"2012-10-05T00:00:00","date_gmt":"2012-10-05T03:00:00","guid":{"rendered":"https:\/\/www.cnbb.org.br\/arte-sacra-na-faculdade-dom-luciano\/"},"modified":"2012-10-05T00:00:00","modified_gmt":"2012-10-05T03:00:00","slug":"arte-sacra-na-faculdade-dom-luciano","status":"publish","type":"post","link":"https:\/\/www.cnbb.org.br\/arte-sacra-na-faculdade-dom-luciano\/","title":{"rendered":"Arte Sacra na Faculdade dom Luciano"},"content":{"rendered":"<p style=\"text-align: justify\">Nesta sexta-feira, 5 de outubro, dom Luciano Mendes de Almeida, falecido em 2006, completaria 82 anos de idade. A Faculdade que leva o seu nome, na Arquidiocese de Mariana (MG), oferece curso de p\u00f3s-gradua\u00e7\u00e3o em Hist\u00f3ria da Arte Sacra. O \u00faltimo curso ministrado contou com a participa\u00e7\u00e3o de alunos de 8 estados.<\/p>\n<p><!--more--><\/p>\n<p style=\"text-align: justify\">\u201cAprimorar os conhecimentos relativos \u00e0 arquitetura religiosa crist\u00e3 e seu patrim\u00f4nio m\u00f3vel e integrado\u201d. Este \u00e9 o objetivo do novo curso de p\u00f3s-gradua\u00e7\u00e3o lan\u00e7ado pela Faculdade Arquidiocesana de Mariana (MG) Dom Luciano Mendes sobre Hist\u00f3ria da Arte Sacra. O curso ter\u00e1 a coordena\u00e7\u00e3o geral da doutora em Arqueologia e Hist\u00f3ria da Arte pela Universidade Cat\u00f3lica de Louvaina, na B\u00e9lgica, Myriam Andrade Ribeiro de Oliveira.<\/p>\n<p style=\"text-align: justify\">O curso objetiva, ainda, oferecer capacita\u00e7\u00e3o profissional aos que atuam nas \u00e1reas de ensino e pesquisa, \u00f3rg\u00e3os do patrim\u00f4nio e gest\u00e3o dos monumentos e seu acervo.\u00a0 As inscri\u00e7\u00f5es v\u00e3o at\u00e9 15 de novembro.<\/p>\n<p>A arquidiocese de Mariana possui um rico acervo de arte sacra. Cidades hist\u00f3ricas como Ouro Preto e Congonhas, al\u00e9m de Mariana, pertencem \u00e0 arquidiocese. O curso, com 360 horas\/aula, prev\u00ea visitas \u00e0s igrejas destas cidades e tamb\u00e9m de S\u00e3o Jo\u00e3o del Rei e Tiradentes.<\/p>\n<p>Mais informa\u00e7\u00f5es: <a href=\"http:\/\/famariana.edu.br\/\" target=\"_blank\" rel=\"noopener\">http:\/\/famariana.edu.br\/<\/a><\/p>\n","protected":false},"excerpt":{"rendered":"<p>Nesta sexta-feira, 5 de outubro, dom Luciano Mendes de Almeida, falecido em 2006, completaria 82 anos de idade. A Faculdade que leva o seu nome, na Arquidiocese de Mariana (MG), oferece curso de p\u00f3s-gradua\u00e7\u00e3o em Hist\u00f3ria da Arte Sacra. O \u00faltimo curso ministrado contou com a participa\u00e7\u00e3o de alunos de 8 estados.<\/p>\n","protected":false},"author":83,"featured_media":22304,"comment_status":"open","ping_status":"open","sticky":false,"template":"","format":"standard","meta":{"site-sidebar-layout":"default","site-content-layout":"default","ast-global-header-display":"","ast-banner-title-visibility":"","ast-main-header-display":"","ast-hfb-above-header-display":"","ast-hfb-below-header-display":"","ast-hfb-mobile-header-display":"","site-post-title":"","ast-breadcrumbs-content":"","ast-featured-img":"","footer-sml-layout":"","theme-transparent-header-meta":"","adv-header-id-meta":"","stick-header-meta":"","header-above-stick-meta":"","header-main-stick-meta":"","header-below-stick-meta":""},"categories":[778,769],"tags":[],"acf":[],"_links":{"self":[{"href":"https:\/\/www.cnbb.org.br\/cnbb-app\/wp\/v2\/posts\/22303"}],"collection":[{"href":"https:\/\/www.cnbb.org.br\/cnbb-app\/wp\/v2\/posts"}],"about":[{"href":"https:\/\/www.cnbb.org.br\/cnbb-app\/wp\/v2\/types\/post"}],"author":[{"embeddable":true,"href":"https:\/\/www.cnbb.org.br\/cnbb-app\/wp\/v2\/users\/83"}],"replies":[{"embeddable":true,"href":"https:\/\/www.cnbb.org.br\/cnbb-app\/wp\/v2\/comments?post=22303"}],"version-history":[{"count":0,"href":"https:\/\/www.cnbb.org.br\/cnbb-app\/wp\/v2\/posts\/22303\/revisions"}],"wp:featuredmedia":[{"embeddable":true,"href":"https:\/\/www.cnbb.org.br\/cnbb-app\/wp\/v2\/media\/22304"}],"wp:attachment":[{"href":"https:\/\/www.cnbb.org.br\/cnbb-app\/wp\/v2\/media?parent=22303"}],"wp:term":[{"taxonomy":"category","embeddable":true,"href":"https:\/\/www.cnbb.org.br\/cnbb-app\/wp\/v2\/categories?post=22303"},{"taxonomy":"post_tag","embeddable":true,"href":"https:\/\/www.cnbb.org.br\/cnbb-app\/wp\/v2\/tags?post=22303"}],"curies":[{"name":"wp","href":"https:\/\/api.w.org\/{rel}","templated":true}]}}