{"id":22333,"date":"2013-06-06T00:00:00","date_gmt":"2013-06-06T03:00:00","guid":{"rendered":"https:\/\/www.cnbb.org.br\/bispos-do-regional-leste-2-participam-de-assembleia-do-conser\/"},"modified":"2013-06-06T00:00:00","modified_gmt":"2013-06-06T03:00:00","slug":"bispos-do-regional-leste-2-participam-de-assembleia-do-conser","status":"publish","type":"post","link":"https:\/\/www.cnbb.org.br\/bispos-do-regional-leste-2-participam-de-assembleia-do-conser\/","title":{"rendered":"Bispos do Regional Leste 2 participam de Assembleia do Conser"},"content":{"rendered":"<p style=\"text-align: justify\">O Conselho Episcopal de Pastoral (CONSER) do Regional Leste 2 (Minas Gerais e Esp\u00edrito Santo) da Confer\u00eancia Nacional dos Bispos do Brasil esteve reunido nos dias 03 a 05 de junho, na Casa de Retiros S\u00e3o Jos\u00e9, em Belo Horizonte (MG) para a Assembleia Anual.<\/p>\n<p>  <!--more-->  <\/p>\n<p style=\"text-align: justify\">Durante o encontro que reuniu cerca de 40 arcebispos, bispos e bispos em\u00e9ritos, foram debatidos e refletidos os temas: An\u00e1lise de Conjuntura e O Bispo e a rela\u00e7\u00e3o com o mundo de hoje, al\u00e9m de assuntos pastorais e administrativos do Regional. O bispo de Colatina (ES) e vice-presidente do Regional Leste 2,&nbsp; dom D\u00e9cio Sossai Zandonade presidiu as sess\u00f5es de trabalho junto com o secret\u00e1rio e bispo de Sete Lagoas (MG), dom Guilherme Porto.<\/p>\n<p style=\"text-align: justify\"><img decoding=\"async\" loading=\"lazy\" class=\" alignright size-full wp-image-19106\" style=\"float: right\" alt=\"subs\u00eddio 0606\" src=\"https:\/\/www.cnbb.org.br\/wp-content\/uploads\/2020\/03\/subs\u00eddio_0606.jpg\" height=\"239\" width=\"201\" \/>Concomitante \u00e0 Assembleia, aconteceu o Encontro Regional dos Coordenadores Diocesanos de Pastoral que teve como objetivo a apresenta\u00e7\u00e3o do estudo <em>Par\u00f3quias Revitalizadas \u00e0 luz de Aparecida: Subs\u00eddio para buscar a revitaliza\u00e7\u00e3o das par\u00f3quias do Regional Leste 2 (Minas Gerais e Esp\u00edrito Santo)<\/em>. Trata-se de um subs\u00eddio elaborado, ao longo de um ano, pelos coordenadores de pastoral do Leste 2 com a orienta\u00e7\u00e3o do padre Manoel Godoy, inspirado no Documento de Aparecida e na realidade das Igrejas Particulares com o intuito do fornecer est\u00edmulos e conte\u00fado evangelizador para as Par\u00f3quias dos estados de Minas Gerais e Esp\u00edrito Santo.<\/p>\n<p style=\"text-align: justify\">A pauta da Assembleia do Conselho Episcopal, que terminou na tarde da quarta-feira, 5 de junho , incluiu tamb\u00e9m as vota\u00e7\u00f5es para escolha dos bispos presidentes para as Comiss\u00f5es Episcopais de Pastoral para o Ecumenismo e Di\u00e1logo Inter-religioso, e para o servi\u00e7o da Justi\u00e7a, da Caridade e da Paz, que passa a ser a Comiss\u00e3o para a A\u00e7\u00e3o S\u00f3cio Transformadora; e do bispo referencial para acompanhar a Renova\u00e7\u00e3o Carism\u00e1tica Cat\u00f3lica (RCC) no Leste 2.<\/p>\n<p style=\"text-align: justify\">Os eleitos para as Comiss\u00f5es Episcopais e como bispo referencial foram:<\/p>\n<p style=\"text-align: justify\"><strong>Comiss\u00e3o Episcopal para o Ecumenismo e Di\u00e1logo Inter-religioso<\/strong><br \/>Dom Jeremias Ant\u00f4nio de Jesus \u2013 bispo de Guanh\u00e3es (MG)<\/p>\n<p style=\"text-align: justify\"><strong>Comiss\u00e3o Episcopal para a A\u00e7\u00e3o S\u00f3cio Transformadora (antiga Comiss\u00e3o para o servi\u00e7o da Justi\u00e7a, da Caridade e da Paz)<\/strong><br \/>Dom Luiz Gonzaga Fechio \u2013 bispo auxiliar da arquidiocese de Belo Horizonte (MG)<\/p>\n<p style=\"text-align: justify\"><strong>Bispo referencial para a Renova\u00e7\u00e3o Carism\u00e1tica Cat\u00f3lica- RCC<\/strong><br \/>Dom Rubens Sevilha \u2013 bispo auxiliar da arquidiocese de Vit\u00f3ria (ES)<\/p>\n","protected":false},"excerpt":{"rendered":"<p>O Conselho Episcopal de Pastoral (CONSER) do Regional Leste 2 (Minas Gerais e Esp\u00edrito Santo) da Confer\u00eancia Nacional dos Bispos do Brasil esteve reunido nos dias 03 a 05 de junho, na Casa de Retiros S\u00e3o Jos\u00e9, em Belo Horizonte (MG) para a Assembleia Anual.<\/p>\n","protected":false},"author":83,"featured_media":22334,"comment_status":"open","ping_status":"open","sticky":false,"template":"","format":"standard","meta":{"site-sidebar-layout":"default","site-content-layout":"default","ast-global-header-display":"","ast-banner-title-visibility":"","ast-main-header-display":"","ast-hfb-above-header-display":"","ast-hfb-below-header-display":"","ast-hfb-mobile-header-display":"","site-post-title":"","ast-breadcrumbs-content":"","ast-featured-img":"","footer-sml-layout":"","theme-transparent-header-meta":"","adv-header-id-meta":"","stick-header-meta":"","header-above-stick-meta":"","header-main-stick-meta":"","header-below-stick-meta":""},"categories":[778,769],"tags":[],"acf":[],"_links":{"self":[{"href":"https:\/\/www.cnbb.org.br\/cnbb-app\/wp\/v2\/posts\/22333"}],"collection":[{"href":"https:\/\/www.cnbb.org.br\/cnbb-app\/wp\/v2\/posts"}],"about":[{"href":"https:\/\/www.cnbb.org.br\/cnbb-app\/wp\/v2\/types\/post"}],"author":[{"embeddable":true,"href":"https:\/\/www.cnbb.org.br\/cnbb-app\/wp\/v2\/users\/83"}],"replies":[{"embeddable":true,"href":"https:\/\/www.cnbb.org.br\/cnbb-app\/wp\/v2\/comments?post=22333"}],"version-history":[{"count":0,"href":"https:\/\/www.cnbb.org.br\/cnbb-app\/wp\/v2\/posts\/22333\/revisions"}],"wp:featuredmedia":[{"embeddable":true,"href":"https:\/\/www.cnbb.org.br\/cnbb-app\/wp\/v2\/media\/22334"}],"wp:attachment":[{"href":"https:\/\/www.cnbb.org.br\/cnbb-app\/wp\/v2\/media?parent=22333"}],"wp:term":[{"taxonomy":"category","embeddable":true,"href":"https:\/\/www.cnbb.org.br\/cnbb-app\/wp\/v2\/categories?post=22333"},{"taxonomy":"post_tag","embeddable":true,"href":"https:\/\/www.cnbb.org.br\/cnbb-app\/wp\/v2\/tags?post=22333"}],"curies":[{"name":"wp","href":"https:\/\/api.w.org\/{rel}","templated":true}]}}