{"id":22353,"date":"2014-01-22T00:00:00","date_gmt":"2014-01-22T02:00:00","guid":{"rendered":"https:\/\/www.cnbb.org.br\/o-sacerdocio-e-escolha-de-deus-disse-dom-walmor-de-azevedo\/"},"modified":"2014-01-22T00:00:00","modified_gmt":"2014-01-22T02:00:00","slug":"o-sacerdocio-e-escolha-de-deus-disse-dom-walmor-de-azevedo","status":"publish","type":"post","link":"https:\/\/www.cnbb.org.br\/o-sacerdocio-e-escolha-de-deus-disse-dom-walmor-de-azevedo\/","title":{"rendered":"\u201cO sacerd\u00f3cio \u00e9 escolha de Deus\u201d, disse dom Walmor de Azevedo"},"content":{"rendered":"<p style=\"text-align: justify\">No segundo dia do Semin\u00e1rio Nacional sobre a Forma\u00e7\u00e3o Presbiteral, ter\u00e7a-feira, 21, o arcebispo de Belo Horizonte (MG), dom Walmor de Azevedo, apresentou o tema \u201cO sacerd\u00f3cio de Cristo segundo a Carta aos Hebreus\u201d.<\/p>\n<p>  <!--more-->  <\/p>\n<p style=\"text-align: justify\">Dom Walmor citou as orienta\u00e7\u00f5es do Documento de Aparecida, recordando que a Confer\u00eancia continua sendo \u201cum horizonte inspirador para a Igreja que devolve a condi\u00e7\u00e3o honrosa de disc\u00edpulo e disc\u00edpula mission\u00e1rios de Jesus Cristo\u201d. Tamb\u00e9m fazendo refer\u00eancia ao papa Francisco, o bispo destacou seu jeito simples e ativador. \u201cS\u00f3 o seu sorriso comunica uma beleza evang\u00e9lica de simplicidade e acolhimento. Isso nos faz pensar muito na for\u00e7a interior que quando desabrocha, muda a nossa vida\u201d, disse.<\/p>\n<p style=\"text-align: justify\"><strong>Sacerd\u00f3cio ministerial<\/strong><\/p>\n<p style=\"text-align: justify\"><img decoding=\"async\" loading=\"lazy\" class=\" alignright size-full wp-image-21225\" src=\"https:\/\/www.cnbb.org.br\/wp-content\/uploads\/2020\/03\/01-dom-walmor.jpg\" border=\"0\" width=\"200\" height=\"200\" style=\"float: right\" \/>Na perspectiva da forma\u00e7\u00e3o dos futuros padres, dom Walmor buscou na Carta aos Hebreus fundamentos para uma compreens\u00e3o do sacerd\u00f3cio ministerial a partir do sacerd\u00f3cio de Cristo. \u201cO processo de forma\u00e7\u00e3o presbiteral est\u00e1 desafiado pelo esfor\u00e7o de recupera\u00e7\u00e3o e manuten\u00e7\u00e3o da dimens\u00e3o essencial sacramental do sacerd\u00f3cio\u201d, explicou. Para ele, \u00e9 necess\u00e1rio ter aten\u00e7\u00e3o aos riscos de formar presb\u00edteros apenas administradores ou gestores. \u201cA perda do essencial gera preju\u00edzos s\u00e9rios e compromete a qualidade do pastoreio\u201d, ressaltou.<\/p>\n<p style=\"text-align: justify\">O arcebispo apontou que a forma\u00e7\u00e3o presbiteral precisa garantir o sentido principal, sendo a entrega \u00e0 Cristo, a partir da vida espiritual e da fidelidade ao minist\u00e9rio, sem perder o sentido da simplicidade e da humildade. \u201cO sacerdote \u00e9 sempre vinculado ao povo, seu sacerd\u00f3cio \u00e9 solidariedade com os pecadores. O sacerd\u00f3cio \u00e9 escolha de Deus, nunca escolha de algu\u00e9m que queira se colocar acima dos outros\u201d, finalizou.<\/p>\n<div style=\"text-align: justify\">\u00a0<\/div>\n","protected":false},"excerpt":{"rendered":"<p>No segundo dia do Semin\u00e1rio Nacional sobre a Forma\u00e7\u00e3o Presbiteral, ter\u00e7a-feira, 21, o arcebispo de Belo Horizonte (MG), dom Walmor de Azevedo, apresentou o tema \u201cO sacerd\u00f3cio de Cristo segundo a Carta aos Hebreus\u201d.<\/p>\n","protected":false},"author":83,"featured_media":22354,"comment_status":"open","ping_status":"open","sticky":false,"template":"","format":"standard","meta":{"site-sidebar-layout":"default","site-content-layout":"default","ast-global-header-display":"","ast-banner-title-visibility":"","ast-main-header-display":"","ast-hfb-above-header-display":"","ast-hfb-below-header-display":"","ast-hfb-mobile-header-display":"","site-post-title":"","ast-breadcrumbs-content":"","ast-featured-img":"","footer-sml-layout":"","theme-transparent-header-meta":"","adv-header-id-meta":"","stick-header-meta":"","header-above-stick-meta":"","header-main-stick-meta":"","header-below-stick-meta":""},"categories":[778,769],"tags":[],"acf":[],"_links":{"self":[{"href":"https:\/\/www.cnbb.org.br\/cnbb-app\/wp\/v2\/posts\/22353"}],"collection":[{"href":"https:\/\/www.cnbb.org.br\/cnbb-app\/wp\/v2\/posts"}],"about":[{"href":"https:\/\/www.cnbb.org.br\/cnbb-app\/wp\/v2\/types\/post"}],"author":[{"embeddable":true,"href":"https:\/\/www.cnbb.org.br\/cnbb-app\/wp\/v2\/users\/83"}],"replies":[{"embeddable":true,"href":"https:\/\/www.cnbb.org.br\/cnbb-app\/wp\/v2\/comments?post=22353"}],"version-history":[{"count":0,"href":"https:\/\/www.cnbb.org.br\/cnbb-app\/wp\/v2\/posts\/22353\/revisions"}],"wp:featuredmedia":[{"embeddable":true,"href":"https:\/\/www.cnbb.org.br\/cnbb-app\/wp\/v2\/media\/22354"}],"wp:attachment":[{"href":"https:\/\/www.cnbb.org.br\/cnbb-app\/wp\/v2\/media?parent=22353"}],"wp:term":[{"taxonomy":"category","embeddable":true,"href":"https:\/\/www.cnbb.org.br\/cnbb-app\/wp\/v2\/categories?post=22353"},{"taxonomy":"post_tag","embeddable":true,"href":"https:\/\/www.cnbb.org.br\/cnbb-app\/wp\/v2\/tags?post=22353"}],"curies":[{"name":"wp","href":"https:\/\/api.w.org\/{rel}","templated":true}]}}