{"id":22366,"date":"2014-05-14T00:00:00","date_gmt":"2014-05-14T03:00:00","guid":{"rendered":"https:\/\/www.cnbb.org.br\/dom-decio-envia-mensagem-ao-povo-de-colatina\/"},"modified":"2014-05-14T00:00:00","modified_gmt":"2014-05-14T03:00:00","slug":"dom-decio-envia-mensagem-ao-povo-de-colatina","status":"publish","type":"post","link":"https:\/\/www.cnbb.org.br\/dom-decio-envia-mensagem-ao-povo-de-colatina\/","title":{"rendered":"Dom D\u00e9cio envia mensagem ao povo de Colatina"},"content":{"rendered":"<p style=\"text-align: justify\">Ap\u00f3s a aceita\u00e7\u00e3o de sua ren\u00fancia pelo papa Francisco, o agora bispo em\u00e9rito da diocese de Colatina (ES), dom D\u00e9cio Sossai Zandonade, enviou uma mensagem aos fi\u00e9is, no \u00faltimo dia 14, em que explica as raz\u00f5es da ren\u00fancia e fala do futuro. No texto, dom D\u00e9cio pede que o rebanho acolha o administrador nomeado, dom Joaquim Wladimir Lopes Dias, com o mesmo carinho que sempre o acolheram.<\/p>\n<p>  <!--more-->  <\/p>\n<p style=\"text-align: justify\">\u00a0<span style=\"line-height: 1.3em\">Leia o texto na \u00edntegra:<\/span><\/p>\n<p style=\"text-align: center\">\u00a0<strong style=\"text-align: center;line-height: 1.3em\">MENSAGEM AO POVO DE DEUS DA DIOCESE DE COLATINA<\/strong><\/p>\n<p style=\"text-align: justify\">Meus queridos irm\u00e3os e irm\u00e3s em Cristo Jesus,<\/p>\n<p style=\"text-align: justify\">Hoje o Papa Francisco aceitou o meu pedido de ren\u00fancia ao governo pastoral da Diocese de Colatina. Este pedido foi introduzido j\u00e1 em 2010 quando da \u201cVisita ad Limina\u201d a Roma junto com os demais bispos do Regional Leste II. Vivia, ent\u00e3o, em uma situa\u00e7\u00e3o de tens\u00e3o gerada por um esc\u00e2ndalo que se tornou p\u00fablico.<\/p>\n<p style=\"text-align: justify\">Preocupava-me tamb\u00e9m a sa\u00fade f\u00edsica e psicol\u00f3gica. Tenho um hist\u00f3rico de AVC e hemorragia cerebral que se agravou com uma amea\u00e7a de enfarto card\u00edaco e consequente implanta\u00e7\u00e3o de uma mam\u00e1ria. Hoje aparentemente estou bem. Coloquei-me nas m\u00e3os de Deus. O que o Papa decidisse esta seria a vontade de Deus.<\/p>\n<p style=\"text-align: justify\">Sinto que nestes 11 anos \u00e0 frente da Diocese de Colatina procurei, junto com o meu presbit\u00e9rio, cumprir com zelo a miss\u00e3o que me foi confiada. Tempo de gra\u00e7a e tamb\u00e9m de fraquezas. As mudan\u00e7as r\u00e1pidas nas quais estamos mergulhados tanto social como eclesialmente pedem renova\u00e7\u00e3o. \u00c9 o que esta ren\u00fancia deseja facilitar. O Esp\u00edrito Santo de Deus haver\u00e1 de providenciar algu\u00e9m revestido de santidade e sabedoria para conduzir esta bela Igreja Particular segundo as orienta\u00e7\u00f5es do Papa Francisco e as exig\u00eancias do mundo atual.<\/p>\n<p style=\"text-align: justify\">Continuo bispo. N\u00e3o terei mais a responsabilidade do governo pastoral e administrativo. Desejo, por\u00e9m, continuar servindo a esta querida diocese naquilo que o Administrador Apost\u00f3lico e o futuro bispo o desejarem. Manifesto apenas um sonho que sempre alimentou minha mente e cora\u00e7\u00e3o: encontrar um lugar para meditar a Palavra de Deus vivendo um tempo mais de Maria do que de Marta (cf Lc 10,38-42). O Santu\u00e1rio Diocesano Nossa Senhora da Sa\u00fade preencheria bem os desejos do meu cora\u00e7\u00e3o. N\u00e3o como Reitor mas como simples servidor da Palavra e da santifica\u00e7\u00e3o. H\u00e1 tamb\u00e9m o desafio da forma\u00e7\u00e3o de lideran\u00e7as com esp\u00edrito crist\u00e3o que poder\u00e1 acontecer no IESIS (Instituto Esp\u00edrito Santo de Inova\u00e7\u00e3o Social). Quero viver com alegria e generosidade o tempo que Deus me der para servi-Lo na caridade.<\/p>\n<p style=\"text-align: justify\">Pe\u00e7o que acolham com o carinho que sempre me acolheram a Dom Joaquim Wladimir Lopes Dias, bispo auxiliar da Arquidiocese de Vit\u00f3ria e agora nomeado pelo Papa Francisco como o Administrador Apost\u00f3lico da Diocese at\u00e9 a chegada de um novo bispo. Ser\u00e1 uma b\u00ean\u00e7\u00e3o.<\/p>\n<p style=\"text-align: justify\">Conto sempre com as ora\u00e7\u00f5es de todos. Contem tamb\u00e9m com minha amizade e minhas pobres preces. Nossa Senhora da Sa\u00fade, a quem confiei minha vida e esta diocese, guie nossos passos.<\/p>\n<p style=\"text-align: justify\">Um abra\u00e7o carinhoso do irm\u00e3o em Cristo Jesus e agora bispo em\u00e9rito,<\/p>\n<p style=\"text-align: right\">Dom D\u00e9cio Sossai Zandonade<br \/>Bispo Em\u00e9rito da Diocese de Colatina<\/p>\n<p style=\"text-align: right\">Colatina, 14 de maio de 2014<\/p>\n","protected":false},"excerpt":{"rendered":"<p>Ap\u00f3s a aceita\u00e7\u00e3o de sua ren\u00fancia pelo papa Francisco, o agora bispo em\u00e9rito da diocese de Colatina (ES), dom D\u00e9cio Sossai Zandonade, enviou uma mensagem aos fi\u00e9is, no \u00faltimo dia 14, em que explica as raz\u00f5es da ren\u00fancia e fala do futuro. No texto, dom D\u00e9cio pede que o rebanho acolha o administrador nomeado, dom &hellip;<\/p>\n<p class=\"read-more\"> <a class=\"\" href=\"https:\/\/www.cnbb.org.br\/dom-decio-envia-mensagem-ao-povo-de-colatina\/\"> <span class=\"screen-reader-text\">Dom D\u00e9cio envia mensagem ao povo de Colatina<\/span> Leia mais &raquo;<\/a><\/p>\n","protected":false},"author":83,"featured_media":22367,"comment_status":"open","ping_status":"open","sticky":false,"template":"","format":"standard","meta":{"site-sidebar-layout":"default","site-content-layout":"default","ast-global-header-display":"","ast-banner-title-visibility":"","ast-main-header-display":"","ast-hfb-above-header-display":"","ast-hfb-below-header-display":"","ast-hfb-mobile-header-display":"","site-post-title":"","ast-breadcrumbs-content":"","ast-featured-img":"","footer-sml-layout":"","theme-transparent-header-meta":"","adv-header-id-meta":"","stick-header-meta":"","header-above-stick-meta":"","header-main-stick-meta":"","header-below-stick-meta":""},"categories":[778,769],"tags":[],"acf":[],"_links":{"self":[{"href":"https:\/\/www.cnbb.org.br\/cnbb-app\/wp\/v2\/posts\/22366"}],"collection":[{"href":"https:\/\/www.cnbb.org.br\/cnbb-app\/wp\/v2\/posts"}],"about":[{"href":"https:\/\/www.cnbb.org.br\/cnbb-app\/wp\/v2\/types\/post"}],"author":[{"embeddable":true,"href":"https:\/\/www.cnbb.org.br\/cnbb-app\/wp\/v2\/users\/83"}],"replies":[{"embeddable":true,"href":"https:\/\/www.cnbb.org.br\/cnbb-app\/wp\/v2\/comments?post=22366"}],"version-history":[{"count":0,"href":"https:\/\/www.cnbb.org.br\/cnbb-app\/wp\/v2\/posts\/22366\/revisions"}],"wp:featuredmedia":[{"embeddable":true,"href":"https:\/\/www.cnbb.org.br\/cnbb-app\/wp\/v2\/media\/22367"}],"wp:attachment":[{"href":"https:\/\/www.cnbb.org.br\/cnbb-app\/wp\/v2\/media?parent=22366"}],"wp:term":[{"taxonomy":"category","embeddable":true,"href":"https:\/\/www.cnbb.org.br\/cnbb-app\/wp\/v2\/categories?post=22366"},{"taxonomy":"post_tag","embeddable":true,"href":"https:\/\/www.cnbb.org.br\/cnbb-app\/wp\/v2\/tags?post=22366"}],"curies":[{"name":"wp","href":"https:\/\/api.w.org\/{rel}","templated":true}]}}