{"id":22374,"date":"2014-05-26T00:00:00","date_gmt":"2014-05-26T03:00:00","guid":{"rendered":"https:\/\/www.cnbb.org.br\/monsenhor-jose-carlos-e-ordenado-em-divinopolis-mg\/"},"modified":"2014-05-26T00:00:00","modified_gmt":"2014-05-26T03:00:00","slug":"monsenhor-jose-carlos-e-ordenado-em-divinopolis-mg","status":"publish","type":"post","link":"https:\/\/www.cnbb.org.br\/monsenhor-jose-carlos-e-ordenado-em-divinopolis-mg\/","title":{"rendered":"Monsenhor Jos\u00e9 Carlos \u00e9 ordenado em Divin\u00f3polis (MG)"},"content":{"rendered":"<p style=\"text-align: justify\"><span style=\"line-height: 1.3em\">O arcebispo de Belo Horizonte (MG), dom Walmor de Oliveira, presidiu a cerim\u00f4nia de ordena\u00e7\u00e3o e posse de dom Jos\u00e9 Carlos de Souza Campos, no dia 23, na catedral do Divino Esp\u00edrito Santo, em Divin\u00f3polis (MG). O novo bispo foi nomeado pelo papa Francisco em 26 de fevereiro para a vacante diocese, na qual exercia, desde 2012, a fun\u00e7\u00e3o de administrador diocesano.<\/span><\/p>\n<p><!--more--><\/p>\n<p style=\"text-align: justify\"><span style=\"line-height: 1.3em\">A celebra\u00e7\u00e3o contou com participa\u00e7\u00e3o de aproximadamente 7 mil fi\u00e9is das foranias de Sant\u2019Ana e Santo Ant\u00f4nio, Nossa Senhora da Piedade e Imaculada Concei\u00e7\u00e3o, do Divino Esp\u00edrito Santo e S\u00e3o Bento. Mais de 150 padres, 18 bispos das dioceses da regi\u00e3o, religiosos, seminaristas e ministros acompanharam a ordena\u00e7\u00e3o.<\/span><\/p>\n<p style=\"text-align: justify\">Dom Walmor de Oliveira falou, na ocasi\u00e3o, da import\u00e2ncia do episcopado, a miss\u00e3o dos bispos e dedica\u00e7\u00e3o \u00e0s comunidades.<\/p>\n<p style=\"text-align: justify\"><em>CNBB com informa\u00e7\u00f5es da diocese de Divin\u00f3polis.\u00a0<\/em><\/p>\n","protected":false},"excerpt":{"rendered":"<p>O arcebispo de Belo Horizonte (MG), dom Walmor de Oliveira, presidiu a cerim\u00f4nia de ordena\u00e7\u00e3o e posse de dom Jos\u00e9 Carlos de Souza Campos, no dia 23, na catedral do Divino Esp\u00edrito Santo, em Divin\u00f3polis (MG). O novo bispo foi nomeado pelo papa Francisco em 26 de fevereiro para a vacante diocese, na qual exercia, &hellip;<\/p>\n<p class=\"read-more\"> <a class=\"\" href=\"https:\/\/www.cnbb.org.br\/monsenhor-jose-carlos-e-ordenado-em-divinopolis-mg\/\"> <span class=\"screen-reader-text\">Monsenhor Jos\u00e9 Carlos \u00e9 ordenado em Divin\u00f3polis (MG)<\/span> Leia mais &raquo;<\/a><\/p>\n","protected":false},"author":83,"featured_media":22375,"comment_status":"open","ping_status":"open","sticky":false,"template":"","format":"standard","meta":{"site-sidebar-layout":"default","site-content-layout":"default","ast-global-header-display":"","ast-banner-title-visibility":"","ast-main-header-display":"","ast-hfb-above-header-display":"","ast-hfb-below-header-display":"","ast-hfb-mobile-header-display":"","site-post-title":"","ast-breadcrumbs-content":"","ast-featured-img":"","footer-sml-layout":"","theme-transparent-header-meta":"","adv-header-id-meta":"","stick-header-meta":"","header-above-stick-meta":"","header-main-stick-meta":"","header-below-stick-meta":""},"categories":[1],"tags":[],"acf":[],"_links":{"self":[{"href":"https:\/\/www.cnbb.org.br\/cnbb-app\/wp\/v2\/posts\/22374"}],"collection":[{"href":"https:\/\/www.cnbb.org.br\/cnbb-app\/wp\/v2\/posts"}],"about":[{"href":"https:\/\/www.cnbb.org.br\/cnbb-app\/wp\/v2\/types\/post"}],"author":[{"embeddable":true,"href":"https:\/\/www.cnbb.org.br\/cnbb-app\/wp\/v2\/users\/83"}],"replies":[{"embeddable":true,"href":"https:\/\/www.cnbb.org.br\/cnbb-app\/wp\/v2\/comments?post=22374"}],"version-history":[{"count":0,"href":"https:\/\/www.cnbb.org.br\/cnbb-app\/wp\/v2\/posts\/22374\/revisions"}],"wp:featuredmedia":[{"embeddable":true,"href":"https:\/\/www.cnbb.org.br\/cnbb-app\/wp\/v2\/media\/22375"}],"wp:attachment":[{"href":"https:\/\/www.cnbb.org.br\/cnbb-app\/wp\/v2\/media?parent=22374"}],"wp:term":[{"taxonomy":"category","embeddable":true,"href":"https:\/\/www.cnbb.org.br\/cnbb-app\/wp\/v2\/categories?post=22374"},{"taxonomy":"post_tag","embeddable":true,"href":"https:\/\/www.cnbb.org.br\/cnbb-app\/wp\/v2\/tags?post=22374"}],"curies":[{"name":"wp","href":"https:\/\/api.w.org\/{rel}","templated":true}]}}