{"id":22376,"date":"2014-05-30T00:00:00","date_gmt":"2014-05-30T03:00:00","guid":{"rendered":"https:\/\/www.cnbb.org.br\/administrador-e-eleito-para-diocese-de-luz\/"},"modified":"2014-05-30T00:00:00","modified_gmt":"2014-05-30T03:00:00","slug":"administrador-e-eleito-para-diocese-de-luz","status":"publish","type":"post","link":"https:\/\/www.cnbb.org.br\/administrador-e-eleito-para-diocese-de-luz\/","title":{"rendered":"Eleito administrador para diocese de Luz"},"content":{"rendered":"<p style=\"text-align: justify\">A diocese de Luz (MG) elegeu, no \u00faltimo dia 21, o padre Ant\u00f4nio Campos Pereira como o administrador diocesano. O Col\u00e9gio de Consultores se reuniu ap\u00f3s a posse de dom Ant\u00f4nio Carlos F\u00e9lix, que foi transferido para a diocese de Governador Valadares (MG).<\/p>\n<p><!--more--><\/p>\n<p style=\"text-align: justify\">\u00a0Padre Ant\u00f4nio tem 59 anos e \u00e9 natural de Japara\u00edba (MG). Estudou filosofia e teologia na Pontif\u00edcia Universidade Cat\u00f3lica de Minas Gerais (PUC-MG). Sua ordena\u00e7\u00e3o presbiteral aconteceu no dia 28 de junho de 1986. O administrador diocesano \u00e9 formado tamb\u00e9m em psicologia. Na diocese, exerceu as fun\u00e7\u00f5es de p\u00e1roco, reitor da faculdade de teologia, membro dos conselhos diocesanos e coordenador diocesano de Pastoral. Atualmente \u00e9 mission\u00e1rio na diocese de Guajar\u00e1-Mirim, em Rond\u00f4nia.<\/p>\n<p style=\"text-align: justify\">O administrador diocesano fica \u00e0 frente da diocese enquanto n\u00e3o \u00e9 nomeado um bispo. Ele representa a Igreja particular na Santa S\u00e9 e na Confer\u00eancia Episcopal e deve animar a viv\u00eancia pastoral, promover a unidade e incentivar a pr\u00e1tica da f\u00e9 no per\u00edodo de vac\u00e2ncia.<\/p>\n<p style=\"text-align: justify\">Nas quest\u00f5es sacramentais, administra o sacramento da crisma. Nas quest\u00f5es administrativas e jur\u00eddicas atua de acordo com os limites do C\u00f3digo de Direito Can\u00f4nico. O administrador deve, ainda, cumprir com a programa\u00e7\u00e3o de atividades do calend\u00e1rio diocesano. Cabe-lhe a tarefa, em comunh\u00e3o com o presbit\u00e9rio e as lideran\u00e7as pastorais manter tudo que j\u00e1 existe, aprofundando a consci\u00eancia e corresponsabilidade na miss\u00e3o evangelizadora, preparando a diocese para a chegada do novo bispo.<\/p>\n<h5>Com informa\u00e7\u00f5es da Assessoria de Imprensa da diocese de Luz (MG)<\/h5>\n","protected":false},"excerpt":{"rendered":"<p>A diocese de Luz (MG) elegeu, no \u00faltimo dia 21, o padre Ant\u00f4nio Campos Pereira como o administrador diocesano. O Col\u00e9gio de Consultores se reuniu ap\u00f3s a posse de dom Ant\u00f4nio Carlos F\u00e9lix, que foi transferido para a diocese de Governador Valadares (MG).<\/p>\n","protected":false},"author":83,"featured_media":22377,"comment_status":"open","ping_status":"open","sticky":false,"template":"","format":"standard","meta":{"site-sidebar-layout":"default","site-content-layout":"default","ast-global-header-display":"","ast-banner-title-visibility":"","ast-main-header-display":"","ast-hfb-above-header-display":"","ast-hfb-below-header-display":"","ast-hfb-mobile-header-display":"","site-post-title":"","ast-breadcrumbs-content":"","ast-featured-img":"","footer-sml-layout":"","theme-transparent-header-meta":"","adv-header-id-meta":"","stick-header-meta":"","header-above-stick-meta":"","header-main-stick-meta":"","header-below-stick-meta":""},"categories":[1],"tags":[],"acf":[],"_links":{"self":[{"href":"https:\/\/www.cnbb.org.br\/cnbb-app\/wp\/v2\/posts\/22376"}],"collection":[{"href":"https:\/\/www.cnbb.org.br\/cnbb-app\/wp\/v2\/posts"}],"about":[{"href":"https:\/\/www.cnbb.org.br\/cnbb-app\/wp\/v2\/types\/post"}],"author":[{"embeddable":true,"href":"https:\/\/www.cnbb.org.br\/cnbb-app\/wp\/v2\/users\/83"}],"replies":[{"embeddable":true,"href":"https:\/\/www.cnbb.org.br\/cnbb-app\/wp\/v2\/comments?post=22376"}],"version-history":[{"count":0,"href":"https:\/\/www.cnbb.org.br\/cnbb-app\/wp\/v2\/posts\/22376\/revisions"}],"wp:featuredmedia":[{"embeddable":true,"href":"https:\/\/www.cnbb.org.br\/cnbb-app\/wp\/v2\/media\/22377"}],"wp:attachment":[{"href":"https:\/\/www.cnbb.org.br\/cnbb-app\/wp\/v2\/media?parent=22376"}],"wp:term":[{"taxonomy":"category","embeddable":true,"href":"https:\/\/www.cnbb.org.br\/cnbb-app\/wp\/v2\/categories?post=22376"},{"taxonomy":"post_tag","embeddable":true,"href":"https:\/\/www.cnbb.org.br\/cnbb-app\/wp\/v2\/tags?post=22376"}],"curies":[{"name":"wp","href":"https:\/\/api.w.org\/{rel}","templated":true}]}}