{"id":22404,"date":"2014-11-07T00:00:00","date_gmt":"2014-11-07T02:00:00","guid":{"rendered":"https:\/\/www.cnbb.org.br\/detentos-e-agentes-reinauguram-capela-reformada-em-ribeirao-das-neves\/"},"modified":"2014-11-07T00:00:00","modified_gmt":"2014-11-07T02:00:00","slug":"detentos-e-agentes-reinauguram-capela-reformada-em-ribeirao-das-neves","status":"publish","type":"post","link":"https:\/\/www.cnbb.org.br\/detentos-e-agentes-reinauguram-capela-reformada-em-ribeirao-das-neves\/","title":{"rendered":"Detentos e agentes reinauguram capela em Ribeir\u00e3o das Neves"},"content":{"rendered":"<p style=\"text-align: justify\"><span style=\"line-height: 1.3em\">Em clima de comunh\u00e3o e partilha, detentos e agentes da Penitenci\u00e1ria Jos\u00e9 Maria Alckmin, de Ribeir\u00e3o das Neves, regi\u00e3o metropolitana de Belo Horizonte (MG), reinauguraram a Capela S\u00e3o Dimas, reformada por eles com o apoio da Pastoral Carcer\u00e1ria e da par\u00f3quia Nossa Senhora da Miseric\u00f3rdia.<\/span><\/p>\n<p>  <!--more-->  <\/p>\n<p style=\"text-align: justify\"><span style=\"line-height: 1.3em\">No dia 4 de novembro, o arcebispo de Belo Horizonte, dom Walmor Oliveira de Azevedo, presidiu a missa de reinaugura\u00e7\u00e3o, com \u00a0a presen\u00e7a de 60 detentos. Cerca de 40 pessoas, entre agentes da Pastoral Carcer\u00e1ria e funcion\u00e1rios do sistema prisional, tamb\u00e9m participaram.<\/span><\/p>\n<p style=\"text-align: justify\">Em sua homilia, dom Walmor ressaltou a import\u00e2ncia do trabalho, da unidade e da comunh\u00e3o, para uma conviv\u00eancia com mais amor e menos viol\u00eancia. O arcebispo tamb\u00e9m lembrou o S\u00ednodo dos Bispos sobre a Fam\u00edlia, realizado em outubro, no Vaticano, para afirmar que \u201c\u00e9 preciso que todas as fam\u00edlias vivenciem, cada vez mais, o amor e a unidade\u201d.<\/p>\n<p style=\"text-align: justify\"><img decoding=\"async\" loading=\"lazy\" class=\" alignright size-full wp-image-23955\" src=\"https:\/\/www.cnbb.org.br\/wp-content\/uploads\/2020\/03\/capela_priso-270x159-1.jpg\" border=\"0\" width=\"196\" height=\"115\" style=\"float: right\" \/>A iniciativa da reforma da capela partiu dos pr\u00f3prios detentos e agentes penitenci\u00e1rios e contou com o total apoio da dire\u00e7\u00e3o do pres\u00eddio. A par\u00f3quia Nossa Senhora da Miseric\u00f3rdia organizou um mutir\u00e3o, formado por uma rede de fi\u00e9is, para angariar todo o material de constru\u00e7\u00e3o necess\u00e1rio para a reforma, que durou tr\u00eas meses.<\/p>\n<p style=\"text-align: justify\"><span style=\"font-size: xx-small\"><em><strong>Com informa\u00e7\u00f5es da arquidiocese de Belo Horizonte<\/strong><\/em><\/span><\/p>\n","protected":false},"excerpt":{"rendered":"<p>Em clima de comunh\u00e3o e partilha, detentos e agentes da Penitenci\u00e1ria Jos\u00e9 Maria Alckmin, de Ribeir\u00e3o das Neves, regi\u00e3o metropolitana de Belo Horizonte (MG), reinauguraram a Capela S\u00e3o Dimas, reformada por eles com o apoio da Pastoral Carcer\u00e1ria e da par\u00f3quia Nossa Senhora da Miseric\u00f3rdia.<\/p>\n","protected":false},"author":83,"featured_media":22405,"comment_status":"open","ping_status":"open","sticky":false,"template":"","format":"standard","meta":{"site-sidebar-layout":"default","site-content-layout":"default","ast-global-header-display":"","ast-banner-title-visibility":"","ast-main-header-display":"","ast-hfb-above-header-display":"","ast-hfb-below-header-display":"","ast-hfb-mobile-header-display":"","site-post-title":"","ast-breadcrumbs-content":"","ast-featured-img":"","footer-sml-layout":"","theme-transparent-header-meta":"","adv-header-id-meta":"","stick-header-meta":"","header-above-stick-meta":"","header-main-stick-meta":"","header-below-stick-meta":""},"categories":[778,769],"tags":[],"acf":[],"_links":{"self":[{"href":"https:\/\/www.cnbb.org.br\/cnbb-app\/wp\/v2\/posts\/22404"}],"collection":[{"href":"https:\/\/www.cnbb.org.br\/cnbb-app\/wp\/v2\/posts"}],"about":[{"href":"https:\/\/www.cnbb.org.br\/cnbb-app\/wp\/v2\/types\/post"}],"author":[{"embeddable":true,"href":"https:\/\/www.cnbb.org.br\/cnbb-app\/wp\/v2\/users\/83"}],"replies":[{"embeddable":true,"href":"https:\/\/www.cnbb.org.br\/cnbb-app\/wp\/v2\/comments?post=22404"}],"version-history":[{"count":0,"href":"https:\/\/www.cnbb.org.br\/cnbb-app\/wp\/v2\/posts\/22404\/revisions"}],"wp:featuredmedia":[{"embeddable":true,"href":"https:\/\/www.cnbb.org.br\/cnbb-app\/wp\/v2\/media\/22405"}],"wp:attachment":[{"href":"https:\/\/www.cnbb.org.br\/cnbb-app\/wp\/v2\/media?parent=22404"}],"wp:term":[{"taxonomy":"category","embeddable":true,"href":"https:\/\/www.cnbb.org.br\/cnbb-app\/wp\/v2\/categories?post=22404"},{"taxonomy":"post_tag","embeddable":true,"href":"https:\/\/www.cnbb.org.br\/cnbb-app\/wp\/v2\/tags?post=22404"}],"curies":[{"name":"wp","href":"https:\/\/api.w.org\/{rel}","templated":true}]}}