{"id":22424,"date":"2015-02-02T00:00:00","date_gmt":"2015-02-02T02:00:00","guid":{"rendered":"https:\/\/www.cnbb.org.br\/missa-solene-marca-preparacao-para-os-100-anos-da-diocese-de-guaxupe\/"},"modified":"2015-02-02T00:00:00","modified_gmt":"2015-02-02T02:00:00","slug":"missa-solene-marca-preparacao-para-os-100-anos-da-diocese-de-guaxupe","status":"publish","type":"post","link":"https:\/\/www.cnbb.org.br\/missa-solene-marca-preparacao-para-os-100-anos-da-diocese-de-guaxupe\/","title":{"rendered":"Missa solene marca prepara\u00e7\u00e3o do centen\u00e1rio da diocese de Guaxup\u00e9"},"content":{"rendered":"<p style=\"text-align: justify\"><span style=\"font-size: 12.1599998474121px;line-height: 1.3em\">Uma celebra\u00e7\u00e3o festiva reuniu o clero e a comunidade cat\u00f3lica da regi\u00e3o de Guaxup\u00e9 (MG) em comemora\u00e7\u00e3o aos 99 anos de cria\u00e7\u00e3o da diocese. A missa foi presidida pelo bispo diocesano, dom Jos\u00e9 Lanza Neto, no \u00faltimo domingo, 1\u00ba de fevereiro, na Catedral de Nossa Senhora das Dores.<\/span><\/p>\n<p>  <!--more-->  <\/p>\n<p style=\"text-align: justify\"><span style=\"line-height: 1.3em\">Ao iniciar a solenidade, dom Lanza ressaltou o momento hist\u00f3rico e o significado especial da celebra\u00e7\u00e3o para a Igreja Particular de Guaxup\u00e9, uma vez que se trata da abertura para o centen\u00e1rio da diocese, que ser\u00e1 celebrado em 3 de fevereiro de 2016.<\/span><\/p>\n<p style=\"text-align: justify\">Em sua homilia, o bispo destacou a forma\u00e7\u00e3o da comunidade, por meio de pessoas que se unem em ora\u00e7\u00e3o e acabam por assim formar uma comunidade. \u201cAconteceu h\u00e1 99 anos quando algu\u00e9m achou que aqui nessa terra seria necess\u00e1rio fundar uma nova diocese, para que Jesus permanecesse na vida daquela gente. Estamos aqui hoje porque algu\u00e9m acreditou que seria pr\u00f3spero\u201d, frisou.<\/p>\n<p style=\"text-align: justify\">Nesse sentido, o bispo exortou que, nesse tempo, as Santas Miss\u00f5es Populares chegam para aquecer ainda mais o cora\u00e7\u00e3o das pessoas. \u201cAbra\u00e7amos as Santas Miss\u00f5es, \u00e9 um \u00e2nimo novo. Queremos ser uma Igreja em sa\u00edda. As miss\u00f5es querem provocar em n\u00f3s o desejo de falar de Deus e do verdadeiro sentido da vida\u201d, explicou.<\/p>\n<p style=\"text-align: justify\">Moradora de Guaxup\u00e9, Francisca Benedito de Gouveia relatou a emo\u00e7\u00e3o de participar da missa. \u201cA hist\u00f3ria da diocese faz parte da hist\u00f3ria da minha vida. Desde crian\u00e7a participo desta igreja, inclusive fui batizada pelo bispo dom In\u00e1cio. Hoje cuido do Movimento da M\u00e3e Rainha e continuo fazendo parte de tudo\u201d, salientou.<\/p>\n<p style=\"text-align: justify\"><strong>Selo e Imagem Peregrina <\/strong><\/p>\n<p style=\"text-align: justify\"><img decoding=\"async\" loading=\"lazy\" class=\" alignright size-full wp-image-24712\" src=\"https:\/\/www.cnbb.org.br\/wp-content\/uploads\/2020\/03\/Guaxupe_selo-270x270-1.jpg\" border=\"0\" width=\"211\" height=\"211\" style=\"float: right\" \/>Ao final da celebra\u00e7\u00e3o, teve in\u00edcio a solenidade de lan\u00e7amento do Selo Postal personalizado, fruto de uma parceria entre a diocese e a Empresa Brasileira de Correios e Tel\u00e9grafos. Na ocasi\u00e3o, estiveram presentes representantes dos Correios que, junto a dom Lanza, padre Henrique Neveston, coordenador diocesano de pastoral, e padre Reginaldo Silva, da Catedral, fizeram a \u201ccarimba\u00e7\u00e3o\u201d, gesto oficial de lan\u00e7amento do novo selo.<\/p>\n<p style=\"text-align: justify\">\u201cSinto-me honrado por estar presente aqui. O selo \u00e9 mais uma forma de registrar e eternizar esse momento. O Selo Postal transmite informa\u00e7\u00f5es de gera\u00e7\u00e3o em gera\u00e7\u00e3o. Parab\u00e9ns, diocese de Guaxup\u00e9\u201d, discursou Jo\u00e3o Carlos Pereira, gerente regional dos Correios, regi\u00e3o de vendas Centro Sul Minas.<\/p>\n<p style=\"text-align: justify\">A partir de agora, toda a correspond\u00eancia oficial da diocese e das par\u00f3quias ter\u00e3o esse selo personalizado, que tamb\u00e9m poder\u00e1 ser adquirido nas ag\u00eancias dos Correios por colecionadores e para uso comercial.<\/p>\n<p style=\"text-align: justify\">Ap\u00f3s o lan\u00e7amento, foi realizada uma apresenta\u00e7\u00e3o teatral retratando o an\u00fancio do Anjo Gabriel, que aos p\u00e9s da cruz de Jesus anunciou a entrada da imagem de Nossa Senhora das Dores.<\/p>\n<p style=\"text-align: justify\">A r\u00e9plica da primeira imagem que chegou \u00e0 diocese de Guaxup\u00e9 foi confeccionada em S\u00e3o Jo\u00e3o Del Rei (MG) especialmente para a peregrina\u00e7\u00e3o. Durante um ano, a imagem visitar\u00e1 todas as par\u00f3quias da diocese. Ao final da celebra\u00e7\u00e3o, ela foi entregue ao padre Francisco Carlos, da bas\u00edlica Nossa Senhora da Sa\u00fade, de Po\u00e7os de Caldas (MG), primeira comunidade a receber a santa. A peregrina\u00e7\u00e3o encerra em 31 de janeiro de 2016, data da comemora\u00e7\u00e3o dos 100 anos.<\/p>\n<p><span style=\"font-size: xx-small\"><em><strong>Com informa\u00e7\u00f5es da diocese de Guaxup\u00e9<\/strong><\/em><\/span><\/p>\n","protected":false},"excerpt":{"rendered":"<p>Uma celebra\u00e7\u00e3o festiva reuniu o clero e a comunidade cat\u00f3lica da regi\u00e3o de Guaxup\u00e9 (MG) em comemora\u00e7\u00e3o aos 99 anos de cria\u00e7\u00e3o da diocese. A missa foi presidida pelo bispo diocesano, dom Jos\u00e9 Lanza Neto, no \u00faltimo domingo, 1\u00ba de fevereiro, na Catedral de Nossa Senhora das Dores.<\/p>\n","protected":false},"author":83,"featured_media":22425,"comment_status":"open","ping_status":"open","sticky":false,"template":"","format":"standard","meta":{"site-sidebar-layout":"default","site-content-layout":"default","ast-global-header-display":"","ast-banner-title-visibility":"","ast-main-header-display":"","ast-hfb-above-header-display":"","ast-hfb-below-header-display":"","ast-hfb-mobile-header-display":"","site-post-title":"","ast-breadcrumbs-content":"","ast-featured-img":"","footer-sml-layout":"","theme-transparent-header-meta":"","adv-header-id-meta":"","stick-header-meta":"","header-above-stick-meta":"","header-main-stick-meta":"","header-below-stick-meta":""},"categories":[778,769],"tags":[],"acf":[],"_links":{"self":[{"href":"https:\/\/www.cnbb.org.br\/cnbb-app\/wp\/v2\/posts\/22424"}],"collection":[{"href":"https:\/\/www.cnbb.org.br\/cnbb-app\/wp\/v2\/posts"}],"about":[{"href":"https:\/\/www.cnbb.org.br\/cnbb-app\/wp\/v2\/types\/post"}],"author":[{"embeddable":true,"href":"https:\/\/www.cnbb.org.br\/cnbb-app\/wp\/v2\/users\/83"}],"replies":[{"embeddable":true,"href":"https:\/\/www.cnbb.org.br\/cnbb-app\/wp\/v2\/comments?post=22424"}],"version-history":[{"count":0,"href":"https:\/\/www.cnbb.org.br\/cnbb-app\/wp\/v2\/posts\/22424\/revisions"}],"wp:featuredmedia":[{"embeddable":true,"href":"https:\/\/www.cnbb.org.br\/cnbb-app\/wp\/v2\/media\/22425"}],"wp:attachment":[{"href":"https:\/\/www.cnbb.org.br\/cnbb-app\/wp\/v2\/media?parent=22424"}],"wp:term":[{"taxonomy":"category","embeddable":true,"href":"https:\/\/www.cnbb.org.br\/cnbb-app\/wp\/v2\/categories?post=22424"},{"taxonomy":"post_tag","embeddable":true,"href":"https:\/\/www.cnbb.org.br\/cnbb-app\/wp\/v2\/tags?post=22424"}],"curies":[{"name":"wp","href":"https:\/\/api.w.org\/{rel}","templated":true}]}}