{"id":22428,"date":"2015-02-04T00:00:00","date_gmt":"2015-02-04T02:00:00","guid":{"rendered":"https:\/\/www.cnbb.org.br\/belo-horizonte-inicia-campanha-pela-economia-de-agua\/"},"modified":"2015-02-04T00:00:00","modified_gmt":"2015-02-04T02:00:00","slug":"belo-horizonte-inicia-campanha-pela-economia-de-agua","status":"publish","type":"post","link":"https:\/\/www.cnbb.org.br\/belo-horizonte-inicia-campanha-pela-economia-de-agua\/","title":{"rendered":"Belo Horizonte inicia campanha pela economia de \u00e1gua"},"content":{"rendered":"<p style=\"text-align: justify\"><span style=\"font-size: 12.1599998474121px;line-height: 1.3em\">\u201cPela vida: economize \u00e1gua, cuide do meio ambiente\u201d, essa \u00e9 a campanha pensada pela arquidiocese de Belo Horizonte (MG) diante da grave crise h\u00eddrica que atinge toda a regi\u00e3o Sudeste do pa\u00eds.<\/span><\/p>\n<p>  <!--more-->  <\/p>\n<p style=\"text-align: justify\">\u00a0<\/p>\n<p style=\"text-align: justify\">Com a iniciativa, a arquidiocese convoca os crist\u00e3os para preservarem ainda mais a \u00e1gua e defenderem a natureza. As comunidades s\u00e3o convidadas a desenvolver a\u00e7\u00f5es que busquem \u00e0 economia dos recursos h\u00eddricos e a compartilhar os bens exemplos, a fim de inspirar novas iniciativas e ades\u00f5es ao apelo.<\/p>\n<p style=\"text-align: justify\">Segundo a arquidiocese, \u00e9 fundamental que todos, em comunh\u00e3o, rezem a Deus para que haja chuva, t\u00e3o necess\u00e1ria ao abastecimento dos reservat\u00f3rios das cidades. Os organizadores sugerem que em todas as missas seja rezada a ora\u00e7\u00e3o para pedir chuvas, do bem-aventurado Paulo VI.<\/p>\n<p style=\"text-align: justify\">Em mensagem, o arcebispo de Belo Horizonte, dom Walmor de Oliveira, lembra que a Campanha da Fraternidade de 2004 j\u00e1 alertava para a necessidade da uni\u00e3o em torno da preserva\u00e7\u00e3o da \u00e1gua. \u201cA Campanha buscou ressaltar que \u00e1gua e vida s\u00e3o indissoci\u00e1veis, e a preserva\u00e7\u00e3o dos recursos h\u00eddricos \u00e9, portanto, obriga\u00e7\u00e3o de todos\u201d, ressaltou o arcebispo.<\/p>\n<p style=\"text-align: justify\"><span style=\"font-size: xx-small\"><em><strong>Com informa\u00e7\u00f5es da arquidiocese de Belo Horizonte<\/strong><\/em><\/span><\/p>\n","protected":false},"excerpt":{"rendered":"<p>\u201cPela vida: economize \u00e1gua, cuide do meio ambiente\u201d, essa \u00e9 a campanha pensada pela arquidiocese de Belo Horizonte (MG) diante da grave crise h\u00eddrica que atinge toda a regi\u00e3o Sudeste do pa\u00eds.<\/p>\n","protected":false},"author":83,"featured_media":22429,"comment_status":"open","ping_status":"open","sticky":false,"template":"","format":"standard","meta":{"site-sidebar-layout":"default","site-content-layout":"default","ast-global-header-display":"","ast-banner-title-visibility":"","ast-main-header-display":"","ast-hfb-above-header-display":"","ast-hfb-below-header-display":"","ast-hfb-mobile-header-display":"","site-post-title":"","ast-breadcrumbs-content":"","ast-featured-img":"","footer-sml-layout":"","theme-transparent-header-meta":"","adv-header-id-meta":"","stick-header-meta":"","header-above-stick-meta":"","header-main-stick-meta":"","header-below-stick-meta":""},"categories":[778,769],"tags":[],"acf":[],"_links":{"self":[{"href":"https:\/\/www.cnbb.org.br\/cnbb-app\/wp\/v2\/posts\/22428"}],"collection":[{"href":"https:\/\/www.cnbb.org.br\/cnbb-app\/wp\/v2\/posts"}],"about":[{"href":"https:\/\/www.cnbb.org.br\/cnbb-app\/wp\/v2\/types\/post"}],"author":[{"embeddable":true,"href":"https:\/\/www.cnbb.org.br\/cnbb-app\/wp\/v2\/users\/83"}],"replies":[{"embeddable":true,"href":"https:\/\/www.cnbb.org.br\/cnbb-app\/wp\/v2\/comments?post=22428"}],"version-history":[{"count":0,"href":"https:\/\/www.cnbb.org.br\/cnbb-app\/wp\/v2\/posts\/22428\/revisions"}],"wp:featuredmedia":[{"embeddable":true,"href":"https:\/\/www.cnbb.org.br\/cnbb-app\/wp\/v2\/media\/22429"}],"wp:attachment":[{"href":"https:\/\/www.cnbb.org.br\/cnbb-app\/wp\/v2\/media?parent=22428"}],"wp:term":[{"taxonomy":"category","embeddable":true,"href":"https:\/\/www.cnbb.org.br\/cnbb-app\/wp\/v2\/categories?post=22428"},{"taxonomy":"post_tag","embeddable":true,"href":"https:\/\/www.cnbb.org.br\/cnbb-app\/wp\/v2\/tags?post=22428"}],"curies":[{"name":"wp","href":"https:\/\/api.w.org\/{rel}","templated":true}]}}