{"id":22432,"date":"2015-02-11T00:00:00","date_gmt":"2015-02-11T02:00:00","guid":{"rendered":"https:\/\/www.cnbb.org.br\/coordenadores-diocesanos-de-pastoral-do-leste-2-se-reunem-em-uberaba\/"},"modified":"2015-02-11T00:00:00","modified_gmt":"2015-02-11T02:00:00","slug":"coordenadores-diocesanos-de-pastoral-do-leste-2-se-reunem-em-uberaba","status":"publish","type":"post","link":"https:\/\/www.cnbb.org.br\/coordenadores-diocesanos-de-pastoral-do-leste-2-se-reunem-em-uberaba\/","title":{"rendered":"Coordenadores diocesanos de Pastoral do Leste 2 se re\u00fanem em Uberaba"},"content":{"rendered":"<p style=\"text-align: justify\"><span style=\"font-size: 12.1599998474121px;line-height: 1.3em\">O 3\u00ba Encontro de Coordenadores Diocesanos de Pastorais do Regional Leste 2 da Confer\u00eancia Nacional dos Bispos do Brasil (CNBB), que abrange os estados de Minas Gerais e Esp\u00edrito Santo, teve in\u00edcio no dia 09, na sede da C\u00faria Metropolitana de Uberaba (MG).<\/span><\/p>\n<p><!--more--><\/p>\n<p>&nbsp;<\/p>\n<p style=\"text-align: justify\">Com o tema \u201cPlanejamento Pastoral e Acolhimento\u201d, o evento re\u00fane cerca de 30 participantes, todos padres, que atuam nas coordena\u00e7\u00f5es arquidiocesanas e diocesanas de pastoral do regional.<\/p>\n<p style=\"text-align: justify\">Na abertura do encontro, o arcebispo metropolitano de Uberaba, dom Paulo Mendes Peixoto, deu as boas-vindas aos participantes e ressaltou que \u00e9 fundamental a qualquer coordenador ter metas. Tamb\u00e9m presente no evento, dom Cl\u00e1udio Sturm, bispo diocesano de Patos de Minas (MG), proferiu uma palestra sobre a import\u00e2ncia do acolhimento. \u201cUma acolhida bem feita pode gerar bons frutos\u201d, disse dom Cl\u00e1udio. \u201cEle sempre marca e, espero que neste caso, para o bem\u201d, continuou a falar sobre a tese da boa acolhida.<\/p>\n<p style=\"text-align: justify\">O encontro que prossegue at\u00e9 quinta-feira, 12, e contar\u00e1 ainda com a assessoria do padre Jos\u00e9 Carlos Pereira para o tema central.<\/p>\n<p><span style=\"font-size: xx-small\"><em><strong>Com informa\u00e7\u00f5es da Arquidiocese de Uberaba<\/strong><\/em><\/span><\/p>\n<p>&nbsp;<\/p>\n","protected":false},"excerpt":{"rendered":"<p>O 3\u00ba Encontro de Coordenadores Diocesanos de Pastorais do Regional Leste 2 da Confer\u00eancia Nacional dos Bispos do Brasil (CNBB), que abrange os estados de Minas Gerais e Esp\u00edrito Santo, teve in\u00edcio no dia 09, na sede da C\u00faria Metropolitana de Uberaba (MG).<\/p>\n","protected":false},"author":83,"featured_media":22433,"comment_status":"open","ping_status":"open","sticky":false,"template":"","format":"standard","meta":{"site-sidebar-layout":"default","site-content-layout":"default","ast-global-header-display":"","ast-banner-title-visibility":"","ast-main-header-display":"","ast-hfb-above-header-display":"","ast-hfb-below-header-display":"","ast-hfb-mobile-header-display":"","site-post-title":"","ast-breadcrumbs-content":"","ast-featured-img":"","footer-sml-layout":"","theme-transparent-header-meta":"","adv-header-id-meta":"","stick-header-meta":"","header-above-stick-meta":"","header-main-stick-meta":"","header-below-stick-meta":""},"categories":[778,769],"tags":[],"acf":[],"_links":{"self":[{"href":"https:\/\/www.cnbb.org.br\/cnbb-app\/wp\/v2\/posts\/22432"}],"collection":[{"href":"https:\/\/www.cnbb.org.br\/cnbb-app\/wp\/v2\/posts"}],"about":[{"href":"https:\/\/www.cnbb.org.br\/cnbb-app\/wp\/v2\/types\/post"}],"author":[{"embeddable":true,"href":"https:\/\/www.cnbb.org.br\/cnbb-app\/wp\/v2\/users\/83"}],"replies":[{"embeddable":true,"href":"https:\/\/www.cnbb.org.br\/cnbb-app\/wp\/v2\/comments?post=22432"}],"version-history":[{"count":0,"href":"https:\/\/www.cnbb.org.br\/cnbb-app\/wp\/v2\/posts\/22432\/revisions"}],"wp:featuredmedia":[{"embeddable":true,"href":"https:\/\/www.cnbb.org.br\/cnbb-app\/wp\/v2\/media\/22433"}],"wp:attachment":[{"href":"https:\/\/www.cnbb.org.br\/cnbb-app\/wp\/v2\/media?parent=22432"}],"wp:term":[{"taxonomy":"category","embeddable":true,"href":"https:\/\/www.cnbb.org.br\/cnbb-app\/wp\/v2\/categories?post=22432"},{"taxonomy":"post_tag","embeddable":true,"href":"https:\/\/www.cnbb.org.br\/cnbb-app\/wp\/v2\/tags?post=22432"}],"curies":[{"name":"wp","href":"https:\/\/api.w.org\/{rel}","templated":true}]}}