{"id":22454,"date":"2015-05-28T00:00:00","date_gmt":"2015-05-28T03:00:00","guid":{"rendered":"https:\/\/www.cnbb.org.br\/belo-horizonte-se-prepara-para-15-torcida-de-deus\/"},"modified":"2015-05-28T00:00:00","modified_gmt":"2015-05-28T03:00:00","slug":"belo-horizonte-se-prepara-para-15-torcida-de-deus","status":"publish","type":"post","link":"https:\/\/www.cnbb.org.br\/belo-horizonte-se-prepara-para-15-torcida-de-deus\/","title":{"rendered":"Arquidiocese de Belo Horizonte prepara 15\u00aa Torcida de Deus"},"content":{"rendered":"<p style=\"text-align: justify\" align=\"center\"><span style=\"font-size: 12.1599998474121px;line-height: 1.3em\">A arquidiocese de Belo Horizonte (MG) ir\u00e1 reunir milhares de fi\u00e9is no pr\u00f3ximo domingo, 31, no est\u00e1dio Mineir\u00e3o, para a 15\u00aa edi\u00e7\u00e3o da Torcida de Deus. O evento \u00e9 realizado a cada tr\u00eas anos e os convites s\u00e3o gratuitos, distribu\u00eddos nas par\u00f3quias.<\/span><\/p>\n<p>  <!--more-->  <\/p>\n<p style=\"text-align: justify\" align=\"center\"><span style=\"font-size: 12.1599998474121px;line-height: 1.3em\">Esta edi\u00e7\u00e3o, segundo o arcebispo metropolitano, dom Walmor Oliveira, foca no contexto do Ano da Paz, conclamado pela Confer\u00eancia Nacional dos Bispos do Brasil (CNBB). \u201cEstamos empenhando todos os segmentos da nossa arquidiocese nessa perspectiva do Ano da Paz, para que n\u00e3o restrinjamos sua promo\u00e7\u00e3o a alguns eventos, embora eles aconte\u00e7am, mas sobretudo colocando segmentos e pessoas no horizonte deste grande compromisso do Ano da Paz, como a nossa Confer\u00eancia tem se empenhado\u201d, explicou.<\/span><\/p>\n<p style=\"text-align: justify\">A programa\u00e7\u00e3o da 15\u00aa Torcida de Deus ter\u00e1 in\u00edcio com a acolhida dos participantes, \u00e0s 15h30. Ap\u00f3s a celebra\u00e7\u00e3o eucar\u00edstica, marcada para 17h, ser\u00e1 realizada a prociss\u00e3o com o Sant\u00edssimo, um dos momentos mais aguardados do evento, quando todas as luzes do est\u00e1dio se apagam e as aten\u00e7\u00f5es se concentram no Sant\u00edssimo Sacramento.<\/p>\n<h5>Com informa\u00e7\u00f5es da arquidiocese de Belo Horizonte<\/h5>\n","protected":false},"excerpt":{"rendered":"<p>A arquidiocese de Belo Horizonte (MG) ir\u00e1 reunir milhares de fi\u00e9is no pr\u00f3ximo domingo, 31, no est\u00e1dio Mineir\u00e3o, para a 15\u00aa edi\u00e7\u00e3o da Torcida de Deus. O evento \u00e9 realizado a cada tr\u00eas anos e os convites s\u00e3o gratuitos, distribu\u00eddos nas par\u00f3quias.<\/p>\n","protected":false},"author":83,"featured_media":22455,"comment_status":"open","ping_status":"open","sticky":false,"template":"","format":"standard","meta":{"site-sidebar-layout":"default","site-content-layout":"default","ast-global-header-display":"","ast-banner-title-visibility":"","ast-main-header-display":"","ast-hfb-above-header-display":"","ast-hfb-below-header-display":"","ast-hfb-mobile-header-display":"","site-post-title":"","ast-breadcrumbs-content":"","ast-featured-img":"","footer-sml-layout":"","theme-transparent-header-meta":"","adv-header-id-meta":"","stick-header-meta":"","header-above-stick-meta":"","header-main-stick-meta":"","header-below-stick-meta":""},"categories":[778,769],"tags":[],"acf":[],"_links":{"self":[{"href":"https:\/\/www.cnbb.org.br\/cnbb-app\/wp\/v2\/posts\/22454"}],"collection":[{"href":"https:\/\/www.cnbb.org.br\/cnbb-app\/wp\/v2\/posts"}],"about":[{"href":"https:\/\/www.cnbb.org.br\/cnbb-app\/wp\/v2\/types\/post"}],"author":[{"embeddable":true,"href":"https:\/\/www.cnbb.org.br\/cnbb-app\/wp\/v2\/users\/83"}],"replies":[{"embeddable":true,"href":"https:\/\/www.cnbb.org.br\/cnbb-app\/wp\/v2\/comments?post=22454"}],"version-history":[{"count":0,"href":"https:\/\/www.cnbb.org.br\/cnbb-app\/wp\/v2\/posts\/22454\/revisions"}],"wp:featuredmedia":[{"embeddable":true,"href":"https:\/\/www.cnbb.org.br\/cnbb-app\/wp\/v2\/media\/22455"}],"wp:attachment":[{"href":"https:\/\/www.cnbb.org.br\/cnbb-app\/wp\/v2\/media?parent=22454"}],"wp:term":[{"taxonomy":"category","embeddable":true,"href":"https:\/\/www.cnbb.org.br\/cnbb-app\/wp\/v2\/categories?post=22454"},{"taxonomy":"post_tag","embeddable":true,"href":"https:\/\/www.cnbb.org.br\/cnbb-app\/wp\/v2\/tags?post=22454"}],"curies":[{"name":"wp","href":"https:\/\/api.w.org\/{rel}","templated":true}]}}