{"id":22468,"date":"2015-07-28T00:00:00","date_gmt":"2015-07-28T03:00:00","guid":{"rendered":"https:\/\/www.cnbb.org.br\/missa-celebrada-pelo-primeiro-bispo-da-diocese-celebra-os-25-anos-de-colatina\/"},"modified":"2015-07-28T00:00:00","modified_gmt":"2015-07-28T03:00:00","slug":"missa-celebrada-pelo-primeiro-bispo-da-diocese-celebra-os-25-anos-de-colatina","status":"publish","type":"post","link":"https:\/\/www.cnbb.org.br\/missa-celebrada-pelo-primeiro-bispo-da-diocese-celebra-os-25-anos-de-colatina\/","title":{"rendered":"Dom Geraldo Lyrio preside missa pelos 25 anos da diocese de Colatina"},"content":{"rendered":"<p style=\"text-align: justify\">Em comemora\u00e7\u00e3o aos 25 anos de instala\u00e7\u00e3o da diocese de Colatina (ES), o arcebispo de Mariana (MG) dom Geraldo Lyrio Rocha, presidiu missa, no dia 15 de julho, em a\u00e7\u00e3o de gra\u00e7as pelo anivers\u00e1rio da diocese. A missa foi concelebrada pelo bispo de Colatina, dom Joaquim Wladimir Lopes Dias; e pelo bispo em\u00e9rito, dom D\u00e9cio Sossai Zandonade. Dom Geraldo Lyrio Rocha foi o primeiro bispo de Colatina.<\/p>\n<p><!--more--><\/p>\n<p style=\"text-align: justify\">Em sua homilia, o arcebispo fez uma ora\u00e7\u00e3o pessoal em louvor e agradecimento ao jubileu de prata da diocese que ajudou a fundar. \u201cEu te louvo, \u00f3 Pai, porque o papa S\u00e3o Jo\u00e3o Paulo II criou esta diocese. Eu te louvo e agrade\u00e7o por me conceder a gra\u00e7a de ser o primeiro bispo desta por\u00e7\u00e3o querida do rebanho do Senhor. \u00c9 inesquec\u00edvel aquela tarde de 15 de julho de 1990, quando era instalada esta diocese e eu dela tomava posse na presen\u00e7a do n\u00fancio apost\u00f3lico e dos demais bispos que aqui vieram para aquele momento t\u00e3o solene. Vinte e cinco anos se passaram\u201d, rezou.<\/p>\n<p style=\"text-align: justify\">Dom Geraldo prosseguiu sua ora\u00e7\u00e3o pedindo a Deus pelo pastoreio de dom Wladimir e de dom D\u00e9cio, que por 11 anos esteve \u00e0 frente da diocese. O bispo ainda agradeceu a colabora\u00e7\u00e3o \u201cindispens\u00e1vel e generosa\u201d dos presb\u00edteros, a dedica\u00e7\u00e3o dos consagrados e o empenho dos crist\u00e3os leigos e leigas. \u201cEu te louvo por esta caminhada de 25 anos, marcada por sofrimentos, dores e sacrif\u00edcios, mas tamb\u00e9m por alegria, esperan\u00e7a e tantas realiza\u00e7\u00f5es\u201d, concluiu.<\/p>\n<p style=\"text-align: justify\">O Ano Jubilar na diocese de Colatina ser\u00e1 encerrado em 21 de novembro deste ano, no Santu\u00e1rio Diocesano Nossa Senhora da Sa\u00fade, em Ibira\u00e7u (ES).<\/p>\n<h5>Com informa\u00e7\u00f5es da diocese de Colatina<\/h5>\n","protected":false},"excerpt":{"rendered":"<p>Em comemora\u00e7\u00e3o aos 25 anos de instala\u00e7\u00e3o da diocese de Colatina (ES), o arcebispo de Mariana (MG) dom Geraldo Lyrio Rocha, presidiu missa, no dia 15 de julho, em a\u00e7\u00e3o de gra\u00e7as pelo anivers\u00e1rio da diocese. A missa foi concelebrada pelo bispo de Colatina, dom Joaquim Wladimir Lopes Dias; e pelo bispo em\u00e9rito, dom D\u00e9cio &hellip;<\/p>\n<p class=\"read-more\"> <a class=\"\" href=\"https:\/\/www.cnbb.org.br\/missa-celebrada-pelo-primeiro-bispo-da-diocese-celebra-os-25-anos-de-colatina\/\"> <span class=\"screen-reader-text\">Dom Geraldo Lyrio preside missa pelos 25 anos da diocese de Colatina<\/span> Leia mais &raquo;<\/a><\/p>\n","protected":false},"author":83,"featured_media":22469,"comment_status":"open","ping_status":"open","sticky":false,"template":"","format":"standard","meta":{"site-sidebar-layout":"default","site-content-layout":"default","ast-global-header-display":"","ast-banner-title-visibility":"","ast-main-header-display":"","ast-hfb-above-header-display":"","ast-hfb-below-header-display":"","ast-hfb-mobile-header-display":"","site-post-title":"","ast-breadcrumbs-content":"","ast-featured-img":"","footer-sml-layout":"","theme-transparent-header-meta":"","adv-header-id-meta":"","stick-header-meta":"","header-above-stick-meta":"","header-main-stick-meta":"","header-below-stick-meta":""},"categories":[778,769],"tags":[],"acf":[],"_links":{"self":[{"href":"https:\/\/www.cnbb.org.br\/cnbb-app\/wp\/v2\/posts\/22468"}],"collection":[{"href":"https:\/\/www.cnbb.org.br\/cnbb-app\/wp\/v2\/posts"}],"about":[{"href":"https:\/\/www.cnbb.org.br\/cnbb-app\/wp\/v2\/types\/post"}],"author":[{"embeddable":true,"href":"https:\/\/www.cnbb.org.br\/cnbb-app\/wp\/v2\/users\/83"}],"replies":[{"embeddable":true,"href":"https:\/\/www.cnbb.org.br\/cnbb-app\/wp\/v2\/comments?post=22468"}],"version-history":[{"count":0,"href":"https:\/\/www.cnbb.org.br\/cnbb-app\/wp\/v2\/posts\/22468\/revisions"}],"wp:featuredmedia":[{"embeddable":true,"href":"https:\/\/www.cnbb.org.br\/cnbb-app\/wp\/v2\/media\/22469"}],"wp:attachment":[{"href":"https:\/\/www.cnbb.org.br\/cnbb-app\/wp\/v2\/media?parent=22468"}],"wp:term":[{"taxonomy":"category","embeddable":true,"href":"https:\/\/www.cnbb.org.br\/cnbb-app\/wp\/v2\/categories?post=22468"},{"taxonomy":"post_tag","embeddable":true,"href":"https:\/\/www.cnbb.org.br\/cnbb-app\/wp\/v2\/tags?post=22468"}],"curies":[{"name":"wp","href":"https:\/\/api.w.org\/{rel}","templated":true}]}}