{"id":22483,"date":"2015-11-16T00:00:00","date_gmt":"2015-11-16T02:00:00","guid":{"rendered":"https:\/\/www.cnbb.org.br\/pvsav-do-regional-leste-2-realiza-a-36-assembleia-anual\/"},"modified":"2015-11-16T00:00:00","modified_gmt":"2015-11-16T02:00:00","slug":"pvsav-do-regional-leste-2-realiza-a-36-assembleia-anual","status":"publish","type":"post","link":"https:\/\/www.cnbb.org.br\/pvsav-do-regional-leste-2-realiza-a-36-assembleia-anual\/","title":{"rendered":"PV-SAV do regional Leste 2 realiza  36\u00aa Assembleia Anual"},"content":{"rendered":"<p>A PV-SAV reuniu bispos, padres, seminaristas e leigos de 25 dioceses<\/p>\n<p>  <!--more-->  <\/p>\n<p style=\"text-align: justify\">A Pastoral Vocacional (PV) e o Servi\u00e7o de Anima\u00e7\u00e3o Vocacional (SAV) do regional Leste 2 realizaram a 36\u00aa Assembleia Anual. O encontro, que foi eletivo, ocorreu em Belo Horizonte (MG), entre os dias 6 a 8 de novembro, com o tema\u00a0&#8220;Metodologia e Planejamento da PV\/SAV Paroquial&#8221; .\u00a0<\/p>\n<p style=\"text-align: justify\">Foram eleitos durante a Assembleia coordenadores de\u00a0suas respectivas prov\u00edncias os padres: H\u00e9lio de Oliveira Filho (Belo Horizonte); Gilmar (Diamantina); Rodrigo de Carvalho Silva (Juiz de Fora); Elinei Eust\u00e1quio Gomes (Mariana); George (Montes Claros) e Guilherme Stort (Uberaba). As prov\u00edncias de Pouso Alegre e Vit\u00f3ria definir\u00e3o seus representantes posteriormente. \u00a0<\/p>\n<p style=\"text-align: justify\">Em rela\u00e7\u00e3o \u00e0\u00a0coordena\u00e7\u00e3o geral da PV-SAV, o padre Eliseu Donisete de Paiva Gomes, da arquidiocese de Mariana, foi reconduzido ao cargo.\u00a0<\/p>\n<p style=\"text-align: justify\">O novo presidente da Comiss\u00e3o Episcopal Pastoral para o Minist\u00e9rio Ordenados e a Vida Consagrada do regional Leste 2 da Confer\u00eancia Nacional dos Bispos do Brasil (CNBB), dom Jos\u00e9 Aristeu,\u00a0esteve presente na Assembleia.\u00a0<\/p>\n<p style=\"text-align: justify\">PV\/SAV Paroquial<\/p>\n<p style=\"text-align: justify\">A 36\u00aa\u00a0Assembleia Anual do regional Leste 2 foi assessorada pelo padre Geraldo Tadeu, do Centro Rogate do Brasil. O evento\u00a0reuniu cerca de 70 pessoas de 25 arqui(dioceses) entre bispos, padres, religiosos, seminaristas e leigos.\u00a0<\/p>\n<p style=\"text-align: justify\">Ao abordar o tema, padre Geraldo Tadeu apontou os objetivos inegoci\u00e1veis de uma equipe vocacional paroquial: despertar a cultura vocacional; cultivar e acompanhar todos(as) vocacionados(as); possibilitar clima de catequese vocacional permanente; integrar toda a comunidade, ressaltando-se as pastorais afins; conscientizar o povo sobre as voca\u00e7\u00f5es em uma Igreja toda ministerial; promover a ora\u00e7\u00e3o pelas voca\u00e7\u00f5es; encaminhar os(as) vocacionados(as) \u00e0 coordena\u00e7\u00e3o diocesana e aos institutos religiosos.<\/p>\n<p style=\"text-align: justify\">Disse, ainda, ser preciso construir uma nova proposta de evangeliza\u00e7\u00e3o, que adote uma metodologia partilhada, organiza\u00e7\u00e3o, planejamento e gest\u00e3o eclesial. Para tanto, sugeriu\u00a0os seguintes passos: an\u00e1lise da realidade; ilumina\u00e7\u00e3o com reflex\u00e3o teol\u00f3gico-pastoral; elabora\u00e7\u00e3o do diagn\u00f3stico; estabelecimento de prioridades e indica\u00e7\u00f5es para a a\u00e7\u00e3o; descri\u00e7\u00e3o do projeto; organiza\u00e7\u00e3o e estrutura\u00e7\u00e3o e avalia\u00e7\u00e3o.\u00a0<\/p>\n<p style=\"text-align: justify\">\u00a0<\/p>\n<p>\u00a0<\/p>\n<p>\u00a0<\/p>\n","protected":false},"excerpt":{"rendered":"<p>A PV-SAV reuniu bispos, padres, seminaristas e leigos de 25 dioceses<\/p>\n","protected":false},"author":83,"featured_media":22484,"comment_status":"open","ping_status":"open","sticky":false,"template":"","format":"standard","meta":{"site-sidebar-layout":"default","site-content-layout":"default","ast-global-header-display":"","ast-banner-title-visibility":"","ast-main-header-display":"","ast-hfb-above-header-display":"","ast-hfb-below-header-display":"","ast-hfb-mobile-header-display":"","site-post-title":"","ast-breadcrumbs-content":"","ast-featured-img":"","footer-sml-layout":"","theme-transparent-header-meta":"","adv-header-id-meta":"","stick-header-meta":"","header-above-stick-meta":"","header-main-stick-meta":"","header-below-stick-meta":""},"categories":[778,769],"tags":[],"acf":[],"_links":{"self":[{"href":"https:\/\/www.cnbb.org.br\/cnbb-app\/wp\/v2\/posts\/22483"}],"collection":[{"href":"https:\/\/www.cnbb.org.br\/cnbb-app\/wp\/v2\/posts"}],"about":[{"href":"https:\/\/www.cnbb.org.br\/cnbb-app\/wp\/v2\/types\/post"}],"author":[{"embeddable":true,"href":"https:\/\/www.cnbb.org.br\/cnbb-app\/wp\/v2\/users\/83"}],"replies":[{"embeddable":true,"href":"https:\/\/www.cnbb.org.br\/cnbb-app\/wp\/v2\/comments?post=22483"}],"version-history":[{"count":0,"href":"https:\/\/www.cnbb.org.br\/cnbb-app\/wp\/v2\/posts\/22483\/revisions"}],"wp:featuredmedia":[{"embeddable":true,"href":"https:\/\/www.cnbb.org.br\/cnbb-app\/wp\/v2\/media\/22484"}],"wp:attachment":[{"href":"https:\/\/www.cnbb.org.br\/cnbb-app\/wp\/v2\/media?parent=22483"}],"wp:term":[{"taxonomy":"category","embeddable":true,"href":"https:\/\/www.cnbb.org.br\/cnbb-app\/wp\/v2\/categories?post=22483"},{"taxonomy":"post_tag","embeddable":true,"href":"https:\/\/www.cnbb.org.br\/cnbb-app\/wp\/v2\/tags?post=22483"}],"curies":[{"name":"wp","href":"https:\/\/api.w.org\/{rel}","templated":true}]}}