{"id":22537,"date":"2016-12-27T00:00:00","date_gmt":"2016-12-27T02:00:00","guid":{"rendered":"https:\/\/www.cnbb.org.br\/curso-da-pastoral-catequetica-no-regional-leste-2-completa-30-anos\/"},"modified":"2016-12-27T00:00:00","modified_gmt":"2016-12-27T02:00:00","slug":"curso-da-pastoral-catequetica-no-regional-leste-2-completa-30-anos","status":"publish","type":"post","link":"https:\/\/www.cnbb.org.br\/curso-da-pastoral-catequetica-no-regional-leste-2-completa-30-anos\/","title":{"rendered":"Curso da Pastoral Catequ\u00e9tica no regional Leste 2 completa 30 anos"},"content":{"rendered":"<p style=\"text-align: justify\">Comiss\u00e3o do regional Leste 2 promove edi\u00e7\u00e3o comemorativa de especializa\u00e7\u00e3o<\/p>\n<p>  <!--more-->  <\/p>\n<p>A Comiss\u00e3o de Anima\u00e7\u00e3o B\u00edblico-Catequ\u00e9tica do regional Leste 2 da Confer\u00eancia Nacional dos Bispos do Brasil (CNBB) realiza, de 2 a 14 de janeiro, na Casa de Retiros S\u00e3o Jos\u00e9, em Belo Horizonte (MG), a 30\u00aa edi\u00e7\u00e3o do Curso do Instituto Regional de Pastoral Catequ\u00e9tica (IRPAC).<\/p>\n<p style=\"text-align: justify\">A forma\u00e7\u00e3o \u00e9 voltada para o aprofundamento do aspecto essencial para a forma\u00e7\u00e3o de coordenador de catequese. Est\u00e1 dividida em tr\u00eas m\u00f3dulos, com carga hor\u00e1ria de 460 horas\/aula.\u00a0<\/p>\n<p style=\"text-align: justify\">O IRPAC, que neste ano, conta com cerca de 120 participantes \u00e9 destinado a catequistas, coordenadores de catequese, leigos e leigas, religiosos e religiosas e padres das arqui\/dioceses de Minas Gerais e do Esp\u00edrito Santo e que possuam experi\u00eancia no minist\u00e9rio catequ\u00e9tico.<\/p>\n<p style=\"text-align: justify\">Recordando os 30 anos, o Instituto reconhece o crescimento ao longo do tempo e o atual contexto, no qual se apresenta como \u201cgrande e madura\u201d experi\u00eancia de forma\u00e7\u00e3o catequ\u00e9tica do regional Leste 2. No ano de 2013, em parceria com a PUC Minas, o curso foi reconhecido em \u201cEspecializa\u00e7\u00e3o em Catequ\u00e9tica\u201d, pensando em propor aos catequistas e coordenadores de catequese uma forma\u00e7\u00e3o e uma espiritualidade, que lhe d\u00ea condi\u00e7\u00f5es de gerar respostas aos in\u00fameros desafios que a realidade apresenta ao processo catequ\u00e9tico a servi\u00e7o da inicia\u00e7\u00e3o \u00e0 vida crist\u00e3.<\/p>\n<p style=\"text-align: justify\">A Especializa\u00e7\u00e3o em Catequ\u00e9tica visa oferecer novas perspectivas e linguagens para a catequese, sobretudo no mundo digital e urbano. De acordo com o IRPAC, outro diferencial do curso \u00e9 o acompanhamento pessoal dos alunos, a troca de experi\u00eancias e os estudos de casos, com o objetivo de intervir nos processos catequ\u00e9ticos, visando melhorar a coordena\u00e7\u00e3o dos trabalhos e a forma\u00e7\u00e3o de catequistas.<\/p>\n<p style=\"text-align: justify\">Sobre o IRPAC<\/p>\n<p style=\"text-align: justify\">O curso do IRPAC nasceu em janeiro de 1987, com a aprova\u00e7\u00e3o dos bispos e a inspira\u00e7\u00e3o de In\u00eas Broshuis, do ent\u00e3o di\u00e1cono e hoje bispo auxiliar de Belo Horizonte (MG), dom Joaquim Giovani Mol, padre Alberto Antoniazzi, Bernardo Cansi e do ent\u00e3o bispo de Itabira, dom M\u00e1rio Gurgel. Os respons\u00e1veis ressaltam que, numa \u00e9poca de extrema car\u00eancia de forma\u00e7\u00e3o das coordena\u00e7\u00f5es de catequese do regional Leste 2, o curso ajudou a melhorar o \u201crosto\u201d da catequese nas dioceses de Minas e Esp\u00edrito Santo.<\/p>\n<p style=\"text-align: justify\">Para a coordena\u00e7\u00e3o de Catequese do regional Leste 2, o IRPAC \u201c\u00e9 uma tentativa que deu certo, de oferecer um espa\u00e7o de forma\u00e7\u00e3o mais densa e profunda, com uma metodologia envolvente, al\u00e9m do cuidado especial com o acompanhamento dos alunos e com o cultivo da espiritualidade\u201d.<\/p>\n<p style=\"text-align: justify\">Atualmente a Comiss\u00e3o Regional de Catequese \u00e9 a equipe coordenadora do IRPAC, tendo \u00e0 frente o bispo de Caratinga (MG), dom Emanuel Messias de Oliveira.<\/p>\n<p>\u00a0<\/p>\n","protected":false},"excerpt":{"rendered":"<p>Comiss\u00e3o do regional Leste 2 promove edi\u00e7\u00e3o comemorativa de especializa\u00e7\u00e3o<\/p>\n","protected":false},"author":83,"featured_media":22536,"comment_status":"open","ping_status":"open","sticky":false,"template":"","format":"standard","meta":{"site-sidebar-layout":"default","site-content-layout":"default","ast-global-header-display":"","ast-banner-title-visibility":"","ast-main-header-display":"","ast-hfb-above-header-display":"","ast-hfb-below-header-display":"","ast-hfb-mobile-header-display":"","site-post-title":"","ast-breadcrumbs-content":"","ast-featured-img":"","footer-sml-layout":"","theme-transparent-header-meta":"","adv-header-id-meta":"","stick-header-meta":"","header-above-stick-meta":"","header-main-stick-meta":"","header-below-stick-meta":""},"categories":[778,769],"tags":[],"acf":[],"_links":{"self":[{"href":"https:\/\/www.cnbb.org.br\/cnbb-app\/wp\/v2\/posts\/22537"}],"collection":[{"href":"https:\/\/www.cnbb.org.br\/cnbb-app\/wp\/v2\/posts"}],"about":[{"href":"https:\/\/www.cnbb.org.br\/cnbb-app\/wp\/v2\/types\/post"}],"author":[{"embeddable":true,"href":"https:\/\/www.cnbb.org.br\/cnbb-app\/wp\/v2\/users\/83"}],"replies":[{"embeddable":true,"href":"https:\/\/www.cnbb.org.br\/cnbb-app\/wp\/v2\/comments?post=22537"}],"version-history":[{"count":0,"href":"https:\/\/www.cnbb.org.br\/cnbb-app\/wp\/v2\/posts\/22537\/revisions"}],"wp:featuredmedia":[{"embeddable":true,"href":"https:\/\/www.cnbb.org.br\/cnbb-app\/wp\/v2\/media\/22536"}],"wp:attachment":[{"href":"https:\/\/www.cnbb.org.br\/cnbb-app\/wp\/v2\/media?parent=22537"}],"wp:term":[{"taxonomy":"category","embeddable":true,"href":"https:\/\/www.cnbb.org.br\/cnbb-app\/wp\/v2\/categories?post=22537"},{"taxonomy":"post_tag","embeddable":true,"href":"https:\/\/www.cnbb.org.br\/cnbb-app\/wp\/v2\/tags?post=22537"}],"curies":[{"name":"wp","href":"https:\/\/api.w.org\/{rel}","templated":true}]}}