{"id":22576,"date":"2011-01-31T00:00:00","date_gmt":"2011-01-31T02:00:00","guid":{"rendered":"https:\/\/www.cnbb.org.br\/modificada-a-data-do-13o-intereclesial-das-cebs\/"},"modified":"2011-01-31T00:00:00","modified_gmt":"2011-01-31T02:00:00","slug":"modificada-a-data-do-13o-intereclesial-das-cebs","status":"publish","type":"post","link":"https:\/\/www.cnbb.org.br\/modificada-a-data-do-13o-intereclesial-das-cebs\/","title":{"rendered":"Modificada a data do 13\u00ba Intereclesial das CEBs"},"content":{"rendered":"<p style=\"text-align: justify\">No fim de semana, dias 27 a 30, aconteceu a 2\u00aa reuni\u00e3o da Equipe Ampliada das Comunidades Eclesiais de Base (CEBs), respons\u00e1vel pela organiza\u00e7\u00e3o dos Intereclesiais. A equipe fez a escolha do cartaz de divulga\u00e7\u00e3o do pr\u00f3ximo encontro, cujo tema \u00e9 \u201cJusti\u00e7a e profecia a servi\u00e7o da vida\u201d, e definiu nova data para o evento, que deveria ocorrer em julho de 2013. De acordo com o assessor do Setor CEBs da CNBB, S\u00e9rgio Coutinho, o 13\u00ba Intereclesial ser\u00e1 nos\u00a0 dias 7 a 11 de janeiro de 2014, em Crato, no Cear\u00e1.<\/p>\n<p><!--more--><\/p>\n<p style=\"text-align: justify\">Participaram da reuni\u00e3o cerca de 50 pessoas representando os 17 Regionais da CNBB; os membros do Secretariado do 13\u00ba Intereclesial; o bispo da diocese do Crato (CE), dom Fernando Panico; o bispo referencial das CEBs pela CNBB, dom Adriano Vasino; al\u00e9m dos assessores, padre Benedito Ferraro, padre Nelito Dornelas e o professor S\u00e9rgio Coutinho, do setor CEBs da CNBB.<\/p>\n<p><img decoding=\"async\" loading=\"lazy\" class=\" alignleft size-full wp-image-8236\" style=\"float: left\" src=\"https:\/\/www.cnbb.org.br\/wp-content\/uploads\/2020\/03\/Ampliada2.jpg\" alt=\"Ampliada2\" width=\"280\" height=\"210\" \/>Outra decis\u00e3o da Ampliada foi a realiza\u00e7\u00e3o de um semin\u00e1rio, em janeiro de 2012, para aprofundar o papel e a identeidade das CEBs. Al\u00e9m disso, a equipe discutiu tamb\u00e9m sua rela\u00e7\u00e3o com o Conselho Nacional de Leigos do Brasil.<\/p>\n<p>Segundo Coutinho, a Ampliada apontou algumas preocupa\u00e7\u00f5es das CEBs em rela\u00e7\u00e3o ao 13\u00ba Interecleisal. \u201cA plen\u00e1ria mostrou grandes preocupa\u00e7\u00f5es das CEBs rumo ao 13\u00ba: ecumenismo nos Intereclesiais, a discuss\u00e3o sobre o mundo urbano, a nova fala prof\u00e9tica das CEBs na p\u00f3s-modernidade, a aus\u00eancia das bandeiras de luta, a milit\u00e2ncia pol\u00edtico-partid\u00e1ria, a quest\u00e3o de g\u00eanero, a pouca presen\u00e7a da juventude nas CEBs\u201d, disse o assessor.<\/p>\n<p style=\"text-align: justify\"><span style=\"font-size: 8pt\"><strong><em>\u00daltima atualiza\u00e7\u00e3o: 31.1.11 \u00e0s 15h20<\/em><\/strong><\/span><\/p>\n","protected":false},"excerpt":{"rendered":"<p>No fim de semana, dias 27 a 30, aconteceu a 2\u00aa reuni\u00e3o da Equipe Ampliada das Comunidades Eclesiais de Base (CEBs), respons\u00e1vel pela organiza\u00e7\u00e3o dos Intereclesiais. A equipe fez a escolha do cartaz de divulga\u00e7\u00e3o do pr\u00f3ximo encontro, cujo tema \u00e9 \u201cJusti\u00e7a e profecia a servi\u00e7o da vida\u201d, e definiu nova data para o evento, &hellip;<\/p>\n<p class=\"read-more\"> <a class=\"\" href=\"https:\/\/www.cnbb.org.br\/modificada-a-data-do-13o-intereclesial-das-cebs\/\"> <span class=\"screen-reader-text\">Modificada a data do 13\u00ba Intereclesial das CEBs<\/span> Leia mais &raquo;<\/a><\/p>\n","protected":false},"author":83,"featured_media":22577,"comment_status":"open","ping_status":"open","sticky":false,"template":"","format":"standard","meta":{"site-sidebar-layout":"default","site-content-layout":"default","ast-global-header-display":"","ast-banner-title-visibility":"","ast-main-header-display":"","ast-hfb-above-header-display":"","ast-hfb-below-header-display":"","ast-hfb-mobile-header-display":"","site-post-title":"","ast-breadcrumbs-content":"","ast-featured-img":"","footer-sml-layout":"","theme-transparent-header-meta":"","adv-header-id-meta":"","stick-header-meta":"","header-above-stick-meta":"","header-main-stick-meta":"","header-below-stick-meta":""},"categories":[867,769],"tags":[],"acf":[],"_links":{"self":[{"href":"https:\/\/www.cnbb.org.br\/cnbb-app\/wp\/v2\/posts\/22576"}],"collection":[{"href":"https:\/\/www.cnbb.org.br\/cnbb-app\/wp\/v2\/posts"}],"about":[{"href":"https:\/\/www.cnbb.org.br\/cnbb-app\/wp\/v2\/types\/post"}],"author":[{"embeddable":true,"href":"https:\/\/www.cnbb.org.br\/cnbb-app\/wp\/v2\/users\/83"}],"replies":[{"embeddable":true,"href":"https:\/\/www.cnbb.org.br\/cnbb-app\/wp\/v2\/comments?post=22576"}],"version-history":[{"count":0,"href":"https:\/\/www.cnbb.org.br\/cnbb-app\/wp\/v2\/posts\/22576\/revisions"}],"wp:featuredmedia":[{"embeddable":true,"href":"https:\/\/www.cnbb.org.br\/cnbb-app\/wp\/v2\/media\/22577"}],"wp:attachment":[{"href":"https:\/\/www.cnbb.org.br\/cnbb-app\/wp\/v2\/media?parent=22576"}],"wp:term":[{"taxonomy":"category","embeddable":true,"href":"https:\/\/www.cnbb.org.br\/cnbb-app\/wp\/v2\/categories?post=22576"},{"taxonomy":"post_tag","embeddable":true,"href":"https:\/\/www.cnbb.org.br\/cnbb-app\/wp\/v2\/tags?post=22576"}],"curies":[{"name":"wp","href":"https:\/\/api.w.org\/{rel}","templated":true}]}}