{"id":22595,"date":"2011-07-26T00:00:00","date_gmt":"2011-07-26T03:00:00","guid":{"rendered":"https:\/\/www.cnbb.org.br\/regional-nordeste-1-finaliza-preparativos-para-a-15o-romaria-da-terra\/"},"modified":"2011-07-26T00:00:00","modified_gmt":"2011-07-26T03:00:00","slug":"regional-nordeste-1-finaliza-preparativos-para-a-15o-romaria-da-terra","status":"publish","type":"post","link":"https:\/\/www.cnbb.org.br\/regional-nordeste-1-finaliza-preparativos-para-a-15o-romaria-da-terra\/","title":{"rendered":"Regional Nordeste 1 finaliza preparativos para a 15\u00aa Romaria da Terra"},"content":{"rendered":"<p style=\"text-align: justify\">A 15\u00aa Romaria da Terra, do Regional Nordeste 1 da CNBB (Cear\u00e1), acontece na diocese de Itapipoca (CE), dia 7 de agosto. De acordo com o coordenador local da articula\u00e7\u00e3o da Romaria, padre Jo\u00e3o Batista Louren\u00e7o, todos os preparativos j\u00e1 est\u00e3o em fase final. \u201cNeste momento, nossa maior expectativa \u00e9 o dia da Romaria, \u00e9 a chegada dos Romeiros. A festa j\u00e1 est\u00e1 preparada, s\u00f3 faltam os convidados\u201d.<\/p>\n<p>  <!--more-->  <\/p>\n<p style=\"text-align: justify\">A estimativa de p\u00fablico \u00e9 na faixa de 15 mil pessoas. Na reuni\u00e3o do \u00faltimo Conselho Regional da Comiss\u00e3o Pastoral da Terra (CPT), realizado em Itapipoca, os conselheiros aprovaram toda a programa\u00e7\u00e3o a ser seguida no dia da Romaria.<\/p>\n<p style=\"text-align: justify\">O tema da 15\u00aa Romaria da Terra \u00e9 \u201cNo testemunho dos m\u00e1rtires: Terra, \u00c1gua e Dignidade\u201d, que de acordo com a secret\u00e1ria executiva da CPT no Cear\u00e1, Lia Lima a romaria deseja lembrar o mart\u00edrio dos camponeses, entre outros. \u201cNeste tempo de prepara\u00e7\u00e3o nas comunidades e durante a Romaria, queremos lembrar: O mart\u00edrio de camponeses e camponesas que tombaram na luta por Terra e vida digna; Denunciar os impactos provocados pela implanta\u00e7\u00e3o dos grandes projetos no Cear\u00e1; Contribuir no processo de fortalecimento das comunidades tradicionais, quilombolas e ind\u00edgenas; Celebrar e tornar vis\u00edvel as conquistas na luta por terra, \u00e1gua e dignidade; Fortalecer a religiosidade popular e romeira, raiz profunda do povo cearense&#8221;.<\/p>\n<p style=\"text-align: justify\">A din\u00e2mica reflexiva do tema ser\u00e1 desenvolvida em forma de tendas. As dioceses ser\u00e3o distribu\u00eddas nas tendas afins onde acontecer\u00e3o as discuss\u00f5es pertinentes ao tema, nos tr\u00eas eixos: Terra, Dignidade e Vida.<\/p>\n","protected":false},"excerpt":{"rendered":"<p>A 15\u00aa Romaria da Terra, do Regional Nordeste 1 da CNBB (Cear\u00e1), acontece na diocese de Itapipoca (CE), dia 7 de agosto. De acordo com o coordenador local da articula\u00e7\u00e3o da Romaria, padre Jo\u00e3o Batista Louren\u00e7o, todos os preparativos j\u00e1 est\u00e3o em fase final. \u201cNeste momento, nossa maior expectativa \u00e9 o dia da Romaria, \u00e9 &hellip;<\/p>\n<p class=\"read-more\"> <a class=\"\" href=\"https:\/\/www.cnbb.org.br\/regional-nordeste-1-finaliza-preparativos-para-a-15o-romaria-da-terra\/\"> <span class=\"screen-reader-text\">Regional Nordeste 1 finaliza preparativos para a 15\u00aa Romaria da Terra<\/span> Leia mais &raquo;<\/a><\/p>\n","protected":false},"author":83,"featured_media":22596,"comment_status":"open","ping_status":"open","sticky":false,"template":"","format":"standard","meta":{"site-sidebar-layout":"default","site-content-layout":"default","ast-global-header-display":"","ast-banner-title-visibility":"","ast-main-header-display":"","ast-hfb-above-header-display":"","ast-hfb-below-header-display":"","ast-hfb-mobile-header-display":"","site-post-title":"","ast-breadcrumbs-content":"","ast-featured-img":"","footer-sml-layout":"","theme-transparent-header-meta":"","adv-header-id-meta":"","stick-header-meta":"","header-above-stick-meta":"","header-main-stick-meta":"","header-below-stick-meta":""},"categories":[867,769],"tags":[],"acf":[],"_links":{"self":[{"href":"https:\/\/www.cnbb.org.br\/cnbb-app\/wp\/v2\/posts\/22595"}],"collection":[{"href":"https:\/\/www.cnbb.org.br\/cnbb-app\/wp\/v2\/posts"}],"about":[{"href":"https:\/\/www.cnbb.org.br\/cnbb-app\/wp\/v2\/types\/post"}],"author":[{"embeddable":true,"href":"https:\/\/www.cnbb.org.br\/cnbb-app\/wp\/v2\/users\/83"}],"replies":[{"embeddable":true,"href":"https:\/\/www.cnbb.org.br\/cnbb-app\/wp\/v2\/comments?post=22595"}],"version-history":[{"count":0,"href":"https:\/\/www.cnbb.org.br\/cnbb-app\/wp\/v2\/posts\/22595\/revisions"}],"wp:featuredmedia":[{"embeddable":true,"href":"https:\/\/www.cnbb.org.br\/cnbb-app\/wp\/v2\/media\/22596"}],"wp:attachment":[{"href":"https:\/\/www.cnbb.org.br\/cnbb-app\/wp\/v2\/media?parent=22595"}],"wp:term":[{"taxonomy":"category","embeddable":true,"href":"https:\/\/www.cnbb.org.br\/cnbb-app\/wp\/v2\/categories?post=22595"},{"taxonomy":"post_tag","embeddable":true,"href":"https:\/\/www.cnbb.org.br\/cnbb-app\/wp\/v2\/tags?post=22595"}],"curies":[{"name":"wp","href":"https:\/\/api.w.org\/{rel}","templated":true}]}}