{"id":22607,"date":"2011-11-17T00:00:00","date_gmt":"2011-11-17T02:00:00","guid":{"rendered":"https:\/\/www.cnbb.org.br\/regional-nordeste-1-realiza-assembleia-pastoral-e-aprova-urgencias-pastorais\/"},"modified":"2011-11-17T00:00:00","modified_gmt":"2011-11-17T02:00:00","slug":"regional-nordeste-1-realiza-assembleia-pastoral-e-aprova-urgencias-pastorais","status":"publish","type":"post","link":"https:\/\/www.cnbb.org.br\/regional-nordeste-1-realiza-assembleia-pastoral-e-aprova-urgencias-pastorais\/","title":{"rendered":"Regional Nordeste 1 realiza Assembleia e aprova urg\u00eancias pastorais"},"content":{"rendered":"<p style=\"text-align: justify\">Nos dias 11 a 15 foi realizada a 20\u00aa Assembleia Pastoral do Regional Nordeste 1 da CNBB (Cear\u00e1), realizado no Centro de Expans\u00e3o Educacional Dom Vicente Matos, diocese de Crato (CE).<\/p>\n<p>  <!--more-->  <\/p>\n<p style=\"text-align: justify\">Com o tema \u201cIgreja no Cear\u00e1: Boa Nova em novos tempos\u201d foi o tema da Assembleia. Durante o encontro foi avaliada a caminhada eclesial do Regional e elaborada as Diretrizes de Pastoral do Regional para o quadri\u00eanio 2011-2015. Foi assessorada pelo secret\u00e1rio executivo do Regional Nordeste 5 da CNBB (Maranh\u00e3o), padre Jos\u00e9 Adalberto Vanzella, pelo padre Manfredo Oliveira e por M\u00f4nica Pimentel.<\/p>\n<p style=\"text-align: justify\"><strong>Urg\u00eancias pastorais aprovadas <\/strong><\/p>\n<p style=\"text-align: justify\"><img decoding=\"async\" loading=\"lazy\" class=\" alignright size-full wp-image-12667\" style=\"float: right\" alt=\"regionalne1\" src=\"https:\/\/www.cnbb.org.br\/wp-content\/uploads\/2020\/03\/regionalne1.jpg\" height=\"339\" width=\"555\" \/>1 &#8211; Forma\u00e7\u00e3o integral, articulada e permanente para a consci\u00eancia mission\u00e1ria numa pastoral org\u00e2nica visando uma convers\u00e3o pastoral que fortale\u00e7a a articula\u00e7\u00e3o, a anima\u00e7\u00e3o e a a\u00e7\u00e3o mission\u00e1ria para o enfrentamento dos desafios da realidade;<\/p>\n<p style=\"text-align: justify\">2 &#8211; Forma\u00e7\u00e3o integral e permanente que possibilite o encontro com Jesus, especialmente na Palavra e na Liturgia, no seu seguimento para unir f\u00e9 e vida e assumir a obra evangelizadora e a op\u00e7\u00e3o preferencial pelos pobres;<\/p>\n<p style=\"text-align: justify\">3 &#8211; Estudo, medita\u00e7\u00e3o, contempla\u00e7\u00e3o e celebra\u00e7\u00e3o da Palavra de Deus em todas as inst\u00e2ncias valorizando-a como centro da vida e da miss\u00e3o da Igreja, iluminando a realidade cearense;<\/p>\n<p style=\"text-align: justify\">4 &#8211; Promover verdadeira convers\u00e3o pastoral para estruturar a Par\u00f3quia em rede de comunidades como lugar de comunh\u00e3o, participa\u00e7\u00e3o, discipulado, missionariedade e enfrente junto os desafios sociais;<\/p>\n<p style=\"text-align: justify\">5 &#8211; Exercitar o profetismo diante das situa\u00e7\u00f5es da morte \u00e0 luz da DSI que nos leve a ampliar a a\u00e7\u00e3o evangelizadora nos diferentes setores, espa\u00e7os e contextos, contribuindo para constru\u00e7\u00e3o de um projeto de desenvolvimento solid\u00e1rio, \u00e9tico e sustent\u00e1vel.<\/p>\n","protected":false},"excerpt":{"rendered":"<p>Nos dias 11 a 15 foi realizada a 20\u00aa Assembleia Pastoral do Regional Nordeste 1 da CNBB (Cear\u00e1), realizado no Centro de Expans\u00e3o Educacional Dom Vicente Matos, diocese de Crato (CE).<\/p>\n","protected":false},"author":83,"featured_media":22608,"comment_status":"open","ping_status":"open","sticky":false,"template":"","format":"standard","meta":{"site-sidebar-layout":"default","site-content-layout":"default","ast-global-header-display":"","ast-banner-title-visibility":"","ast-main-header-display":"","ast-hfb-above-header-display":"","ast-hfb-below-header-display":"","ast-hfb-mobile-header-display":"","site-post-title":"","ast-breadcrumbs-content":"","ast-featured-img":"","footer-sml-layout":"","theme-transparent-header-meta":"","adv-header-id-meta":"","stick-header-meta":"","header-above-stick-meta":"","header-main-stick-meta":"","header-below-stick-meta":""},"categories":[867,769],"tags":[],"acf":[],"_links":{"self":[{"href":"https:\/\/www.cnbb.org.br\/cnbb-app\/wp\/v2\/posts\/22607"}],"collection":[{"href":"https:\/\/www.cnbb.org.br\/cnbb-app\/wp\/v2\/posts"}],"about":[{"href":"https:\/\/www.cnbb.org.br\/cnbb-app\/wp\/v2\/types\/post"}],"author":[{"embeddable":true,"href":"https:\/\/www.cnbb.org.br\/cnbb-app\/wp\/v2\/users\/83"}],"replies":[{"embeddable":true,"href":"https:\/\/www.cnbb.org.br\/cnbb-app\/wp\/v2\/comments?post=22607"}],"version-history":[{"count":0,"href":"https:\/\/www.cnbb.org.br\/cnbb-app\/wp\/v2\/posts\/22607\/revisions"}],"wp:featuredmedia":[{"embeddable":true,"href":"https:\/\/www.cnbb.org.br\/cnbb-app\/wp\/v2\/media\/22608"}],"wp:attachment":[{"href":"https:\/\/www.cnbb.org.br\/cnbb-app\/wp\/v2\/media?parent=22607"}],"wp:term":[{"taxonomy":"category","embeddable":true,"href":"https:\/\/www.cnbb.org.br\/cnbb-app\/wp\/v2\/categories?post=22607"},{"taxonomy":"post_tag","embeddable":true,"href":"https:\/\/www.cnbb.org.br\/cnbb-app\/wp\/v2\/tags?post=22607"}],"curies":[{"name":"wp","href":"https:\/\/api.w.org\/{rel}","templated":true}]}}