{"id":22630,"date":"2012-10-11T00:00:00","date_gmt":"2012-10-11T03:00:00","guid":{"rendered":"https:\/\/www.cnbb.org.br\/dom-haring-abre-seminario-sobre-5ossb\/"},"modified":"2012-10-11T00:00:00","modified_gmt":"2012-10-11T03:00:00","slug":"dom-haring-abre-seminario-sobre-5ossb","status":"publish","type":"post","link":"https:\/\/www.cnbb.org.br\/dom-haring-abre-seminario-sobre-5ossb\/","title":{"rendered":"Dom Haring abre semin\u00e1rio sobre 5\u00aaSSB"},"content":{"rendered":"<div style=\"text-align: justify\">De 9 a 11 de outubro, realiza-se no Centro de Pastoral \u201cMaria M\u00e3e da Igreja\u201d, em Fortaleza (CE) o semin\u00e1rio onde est\u00e1 sendo discutido os impactos dos megaprojetos no Estado do Cear\u00e1. O semin\u00e1rio \u00e9 parte do processo da 5\u00aa Semana Social Brasileira (SSB), que acontece em todo o Brasil desde o ano passado. \u00c9 uma realiza\u00e7\u00e3o da CNBB e organizado pela Comiss\u00e3o Pastoral Episcopal para o Servi\u00e7o da Caridade da Justi\u00e7a e da Paz. O tema central da 5\u00aa SSB \u00e9 \u201cEstado para que e para quem?\u201d. No Regional Nordeste I, \u00e9 organizado pelas pastorais sociais, CEBs, organismos e movimentos sociais do Cear\u00e1.<\/div>\n<div style=\"text-align: justify\"><\/div>\n<p><!--more--><\/p>\n<div style=\"text-align: justify\">\n<p>Na abertura do evento, o presidente do Regional Nordeste I e bispo de Limoeiro, dom Jos\u00e9 Haring, deu boas vindas aos participantes, recordando as elei\u00e7\u00f5es municipais. \u201cEsta ainda muito viva a experi\u00eancia do tempo eleitoral, das campanhas eleitorais, dos com\u00edcios, das passeatas. Vemos a necessidade e a oportunidade de reflex\u00e3o da 5\u00aa SSB sobre o Estado que queremos, pois sentimos a falta de seriedade pol\u00edtica, em vez de propostas pol\u00edticas \u2013 o aumento emo\u00e7\u00e3o corrida pelo poder recorrendo a baixarias. Vemos a falta de um plano pol\u00edtico e a exclus\u00e3o dos problemas locais\u201d.<\/p>\n<p>Dom Haring avalia que o semin\u00e1rio revele \u201cum contraste sadio e necess\u00e1rio em rela\u00e7\u00e3o dos acontecimentos eleitorais das semanas que passaram. Vai ser uma contribui\u00e7\u00e3o oportuna para a realidade pol\u00edtica que vivemos. Certamente vamos dar um pequeno passo para o Estado que queremos. Pe\u00e7o que o Esp\u00edrito de Deus nos ilumine nestes dias\u201d.<\/p>\n<p><strong>Oficinas tem\u00e1ticas<\/strong><\/p>\n<p>Facilitando o entendimento dos temas levantados pelo processo da 5\u00aa SSB sete oficinas tem\u00e1ticas foram preparadas, trazendo experi\u00eancias de resist\u00eancia: Sistema de Justi\u00e7a e Tribunal Popular \u2013 RENAP\/CBJP); Campanha Permanente contra os agrot\u00f3xicos pela vida \u2013 Via Campesina\/TRAMAS; Campanha contra o exterm\u00ednio de jovens (Pjs, REAJA e C\u00e1ritas); Resist\u00eancia a grandes obras \u2013 Movimento de Luta pelo Direito a Moradia e FDCA; Turismo comunit\u00e1rio \u2013 Rede Tucum; Economia Solid\u00e1ria \u2013 Rede Cearense de Socioecon\u00f4mica Solid\u00e1ria; Minera\u00e7\u00e3o \u2013 Articula\u00e7\u00e3o Antinuclear; Campanha pela Regulariza\u00e7\u00e3o das Comunidades Tradicionais Pesqueiras \u2013 Movimento Pescadores e CPP\/CE.<\/p>\n<p>Os participantes contam com a assessoria do Prof. Jeovah Meireles, da Prof.\u00aa. Raquel Rigotto \u2013 que apresentam um Mapeamento dos Impactos dos Grandes Projetos no Estado do Cear\u00e1 (painel \u2013visualiza\u00e7\u00e3o de quais e onde est\u00e3o), dos professores Pe. Junior Aquino e Pe. Manfredo Oliveira \u2013 com uma Leitura \u00c9tica, Teol\u00f3gica do Estado. O assessor nacional da 5\u00aa Semana Social Brasileira, padre Nelito Dornelas, trouxe um Balan\u00e7o das Semanas Sociais Brasileiras. Dom Jos\u00e9 Haring, bispo presidente da CNBB Regional Nordeste I acompanha todo o evento.<\/p>\n<\/div>\n","protected":false},"excerpt":{"rendered":"<p>De 9 a 11 de outubro, realiza-se no Centro de Pastoral \u201cMaria M\u00e3e da Igreja\u201d, em Fortaleza (CE) o semin\u00e1rio onde est\u00e1 sendo discutido os impactos dos megaprojetos no Estado do Cear\u00e1. O semin\u00e1rio \u00e9 parte do processo da 5\u00aa Semana Social Brasileira (SSB), que acontece em todo o Brasil desde o ano passado. \u00c9 &hellip;<\/p>\n<p class=\"read-more\"> <a class=\"\" href=\"https:\/\/www.cnbb.org.br\/dom-haring-abre-seminario-sobre-5ossb\/\"> <span class=\"screen-reader-text\">Dom Haring abre semin\u00e1rio sobre 5\u00aaSSB<\/span> Leia mais &raquo;<\/a><\/p>\n","protected":false},"author":83,"featured_media":22631,"comment_status":"open","ping_status":"open","sticky":false,"template":"","format":"standard","meta":{"site-sidebar-layout":"default","site-content-layout":"default","ast-global-header-display":"","ast-banner-title-visibility":"","ast-main-header-display":"","ast-hfb-above-header-display":"","ast-hfb-below-header-display":"","ast-hfb-mobile-header-display":"","site-post-title":"","ast-breadcrumbs-content":"","ast-featured-img":"","footer-sml-layout":"","theme-transparent-header-meta":"","adv-header-id-meta":"","stick-header-meta":"","header-above-stick-meta":"","header-main-stick-meta":"","header-below-stick-meta":""},"categories":[867,769],"tags":[],"acf":[],"_links":{"self":[{"href":"https:\/\/www.cnbb.org.br\/cnbb-app\/wp\/v2\/posts\/22630"}],"collection":[{"href":"https:\/\/www.cnbb.org.br\/cnbb-app\/wp\/v2\/posts"}],"about":[{"href":"https:\/\/www.cnbb.org.br\/cnbb-app\/wp\/v2\/types\/post"}],"author":[{"embeddable":true,"href":"https:\/\/www.cnbb.org.br\/cnbb-app\/wp\/v2\/users\/83"}],"replies":[{"embeddable":true,"href":"https:\/\/www.cnbb.org.br\/cnbb-app\/wp\/v2\/comments?post=22630"}],"version-history":[{"count":0,"href":"https:\/\/www.cnbb.org.br\/cnbb-app\/wp\/v2\/posts\/22630\/revisions"}],"wp:featuredmedia":[{"embeddable":true,"href":"https:\/\/www.cnbb.org.br\/cnbb-app\/wp\/v2\/media\/22631"}],"wp:attachment":[{"href":"https:\/\/www.cnbb.org.br\/cnbb-app\/wp\/v2\/media?parent=22630"}],"wp:term":[{"taxonomy":"category","embeddable":true,"href":"https:\/\/www.cnbb.org.br\/cnbb-app\/wp\/v2\/categories?post=22630"},{"taxonomy":"post_tag","embeddable":true,"href":"https:\/\/www.cnbb.org.br\/cnbb-app\/wp\/v2\/tags?post=22630"}],"curies":[{"name":"wp","href":"https:\/\/api.w.org\/{rel}","templated":true}]}}