{"id":22647,"date":"2013-06-06T00:00:00","date_gmt":"2013-06-06T03:00:00","guid":{"rendered":"https:\/\/www.cnbb.org.br\/regional-nordeste-i-realiza-conser\/"},"modified":"2013-06-06T00:00:00","modified_gmt":"2013-06-06T03:00:00","slug":"regional-nordeste-i-realiza-conser","status":"publish","type":"post","link":"https:\/\/www.cnbb.org.br\/regional-nordeste-i-realiza-conser\/","title":{"rendered":"Regional Nordeste I realiza CONSER"},"content":{"rendered":"<p style=\"text-align: justify\">O Conselho Episcopal de Pastoral (CONSER) do Regional Nordeste I (Cear\u00e1) da CNBB realizou nos dias 4 e 5 de maio seu encontro anual. Os bispos estiverem reunidos com coordenadores de pastoral das dioceses e coordena\u00e7\u00f5es das pastorais, organismos, movimentos. O encontro na Casa de Encontro das Irm\u00e3s Josefinas no Bairro Mesejana.<\/p>\n<p>  <!--more-->  <\/p>\n<p style=\"text-align: justify\">Os participantes contaram com a assessoria do padre Almir Magalh\u00e3es, diretor da Faculdade Cat\u00f3lica de Fortaleza, que fez uma interven\u00e7\u00e3o sobre a Par\u00f3quia Rede de Comunidades. Padre Manfredo de Oliveira, professor da Universidade Federal do Cear\u00e1 e assessor da CNBB, fez uma reflex\u00e3o pastoral sobre o cen\u00e1rio religioso no Brasil.<\/p>\n<p style=\"text-align: justify\">O presidente do Regional Nordeste I, dom Jos\u00e9 Haring, disse que o CONSER \u201cfoi muito proveitoso, que esse momento de estudo, de reflex\u00e3o serve para que as dioceses possam colocar em pratica o que \u00e9 comunidade rede de comunidade, a assessoria de padre Almir foi bem detalhada para que entendamos isso\u201d. Dom Haring disse ainda que \u201ca colabora\u00e7\u00e3o do padre Manfredo nos ajudou a entender sobre a presen\u00e7a das Igrejas evang\u00e9licas, sobretudo ele tentou explicar esse fen\u00f4meno nesse tempo de mudan\u00e7a, ao mesmo tempo ele nos ajudou a perceber que n\u00f3s cat\u00f3licos devemos superar nossas falhas de estarmos pouco nas periferias das cidades\u201d.<\/p>\n","protected":false},"excerpt":{"rendered":"<p>O Conselho Episcopal de Pastoral (CONSER) do Regional Nordeste I (Cear\u00e1) da CNBB realizou nos dias 4 e 5 de maio seu encontro anual. Os bispos estiverem reunidos com coordenadores de pastoral das dioceses e coordena\u00e7\u00f5es das pastorais, organismos, movimentos. O encontro na Casa de Encontro das Irm\u00e3s Josefinas no Bairro Mesejana.<\/p>\n","protected":false},"author":83,"featured_media":22648,"comment_status":"open","ping_status":"open","sticky":false,"template":"","format":"standard","meta":{"site-sidebar-layout":"default","site-content-layout":"default","ast-global-header-display":"","ast-banner-title-visibility":"","ast-main-header-display":"","ast-hfb-above-header-display":"","ast-hfb-below-header-display":"","ast-hfb-mobile-header-display":"","site-post-title":"","ast-breadcrumbs-content":"","ast-featured-img":"","footer-sml-layout":"","theme-transparent-header-meta":"","adv-header-id-meta":"","stick-header-meta":"","header-above-stick-meta":"","header-main-stick-meta":"","header-below-stick-meta":""},"categories":[867,769],"tags":[],"acf":[],"_links":{"self":[{"href":"https:\/\/www.cnbb.org.br\/cnbb-app\/wp\/v2\/posts\/22647"}],"collection":[{"href":"https:\/\/www.cnbb.org.br\/cnbb-app\/wp\/v2\/posts"}],"about":[{"href":"https:\/\/www.cnbb.org.br\/cnbb-app\/wp\/v2\/types\/post"}],"author":[{"embeddable":true,"href":"https:\/\/www.cnbb.org.br\/cnbb-app\/wp\/v2\/users\/83"}],"replies":[{"embeddable":true,"href":"https:\/\/www.cnbb.org.br\/cnbb-app\/wp\/v2\/comments?post=22647"}],"version-history":[{"count":0,"href":"https:\/\/www.cnbb.org.br\/cnbb-app\/wp\/v2\/posts\/22647\/revisions"}],"wp:featuredmedia":[{"embeddable":true,"href":"https:\/\/www.cnbb.org.br\/cnbb-app\/wp\/v2\/media\/22648"}],"wp:attachment":[{"href":"https:\/\/www.cnbb.org.br\/cnbb-app\/wp\/v2\/media?parent=22647"}],"wp:term":[{"taxonomy":"category","embeddable":true,"href":"https:\/\/www.cnbb.org.br\/cnbb-app\/wp\/v2\/categories?post=22647"},{"taxonomy":"post_tag","embeddable":true,"href":"https:\/\/www.cnbb.org.br\/cnbb-app\/wp\/v2\/tags?post=22647"}],"curies":[{"name":"wp","href":"https:\/\/api.w.org\/{rel}","templated":true}]}}