{"id":22663,"date":"2014-01-11T00:00:00","date_gmt":"2014-01-11T02:00:00","guid":{"rendered":"https:\/\/www.cnbb.org.br\/romeiros-das-cebs-enviam-carta-ao-papa-francisco\/"},"modified":"2014-01-11T00:00:00","modified_gmt":"2014-01-11T02:00:00","slug":"romeiros-das-cebs-enviam-carta-ao-papa-francisco","status":"publish","type":"post","link":"https:\/\/www.cnbb.org.br\/romeiros-das-cebs-enviam-carta-ao-papa-francisco\/","title":{"rendered":"Romeiros das CEBs enviam carta ao papa Francisco"},"content":{"rendered":"<p style=\"text-align: justify\">Foi divulgada ontem, 10, a carta do 13\u00ba Intereclesial das Comunidades Eclesiais de Base (CEBs) ao papa Francisco, na qual os romeiros agradecem a mensagem enviada pelo pont\u00edfice, por ocasi\u00e3o do evento. \u201cSua carta nos chegou como uma luz a iluminar o caminho, reacendendo em n\u00f3s a esperan\u00e7a numa Igreja, Povo de Deus\u201d, afirmam.<\/p>\n<p style=\"text-align: justify\">Os romeiros tamb\u00e9m manifestam gratid\u00e3o a Francisco \u201cpor fazer do minist\u00e9rio papal uma profecia contra a economia da exclus\u00e3o, que hoje domina o mundo e defender os migrantes e clandestinos pobres da \u00c1frica e de outros continentes\u201d.<\/p>\n<p style=\"text-align: justify\">Segue, na \u00edntegra, a carta enviada ao papa Francisco.<\/p>\n<p><!--more--><\/p>\n<p style=\"text-align: center\"><strong>CARTA DO 13\u00ba INTERECLESIAL DAS CEBs AO PAPA FRANCISCO<\/strong><\/p>\n<p style=\"text-align: justify\">Querido irm\u00e3o, bispo de Roma e pastor primaz da unidade,<\/p>\n<p>Papa Francisco,<\/p>\n<p style=\"text-align: justify\">N\u00f3s, crist\u00e3os e crist\u00e3s, leigos das comunidades eclesiais de base, agentes de pastoral, religiosos\/as, di\u00e1conos, padres e bispos, assim como irm\u00e3os de Igrejas evang\u00e9licas e de outras tradi\u00e7\u00f5es religiosas. Tamb\u00e9m tivemos conosco nesse encontro representantes de povos ind\u00edgenas, quilombolas e ainda irm\u00e3os e irm\u00e3s, vindos de outros pa\u00edses da Am\u00e9rica Latina e Caribe, assim como de outros continentes. Todos n\u00f3s que participamos do 13\u00ba Encontro intereclesial das comunidades eclesiais de base queremos expressar ao senhor nosso agradecimento pela bela e profunda carta que nos enviou e foi lida no in\u00edcio desse encontro. Sua carta nos chegou como uma luz a iluminar o caminho, reacendendo em n\u00f3s a esperan\u00e7a numa Igreja, Povo de Deus.<\/p>\n<p style=\"text-align: justify\">Aproveitamos a oportunidade para nos unir ao seu esfor\u00e7o por renovar as Igrejas da comunh\u00e3o cat\u00f3lico-romana, de acordo com a teologia e a espiritualidade do Conc\u00edlio Vaticano II, relidas e atualizadas pelas necessidades do mundo atual e pela urg\u00eancia de que n\u00f3s, crist\u00e3os, escutemos \u201co que o Esp\u00edrito diz hoje \u00e0s Igrejas\u201d (Cf. Ap 2, 7).<\/p>\n<p style=\"text-align: justify\">Percebemos que a maioria da humanidade acolhe com gratid\u00e3o o seu testemunho de homem de profunda simplicidade e que se revela disc\u00edpulo de Jesus na linha do evangelho. N\u00f3s lhe agradecemos por fazer do minist\u00e9rio papal uma profecia contra a economia de exclus\u00e3o, que hoje domina o mundo e defender os migrantes e clandestinos pobres da \u00c1frica e de outros continentes. Igualmente lhe agradecemos por reconhecer o papel da mulher na caminhada eclesial e esperamos que essa reflex\u00e3o seja aprofundada.<\/p>\n<p style=\"text-align: justify\">Aqui em Juazeiro do Norte, CE, diocese de Crato, as comunidades eclesiais de base reafirmam sua voca\u00e7\u00e3o, no jeito de ser Igreja das primeiras comunidades e tamb\u00e9m no esp\u00edrito das miss\u00f5es populares e das casas de caridade do Padre Ibiapina, do padre C\u00edcero Rom\u00e3o Batista, do leigo Jos\u00e9 Louren\u00e7o, assim como de tantas mulheres santas como Maria Ara\u00fajo, irm\u00e3os e irm\u00e3s que nos precederam nesse caminho de sermos Igreja dos pobres e com os pobres, cebs romeiras do campo e da cidade, na comunh\u00e3o com a M\u00e3e Terra e toda a natureza. Aqui, acolhemos e nos solidarizamos com os povos ind\u00edgenas, amea\u00e7ados no seu direito \u00e0 posse de suas terras ancestrais e todos os dias v\u00edtimas de viol\u00eancia e at\u00e9 de assassinato. Tamb\u00e9m nos impressionou o relato de exterm\u00ednio de jovens pobres e negros, em v\u00e1rias regi\u00f5es do nosso pa\u00eds. E nos solidarizamos com a luta e resist\u00eancia dos quilombolas e do povo lavrador, amea\u00e7ados pelos grandes projetos do Capitalismo depredador do ambiente e injusto para com a maioria da humanidade.<\/p>\n<p style=\"text-align: justify\">Entre suas palavras e gestos, algo que nos toca muito de perto \u00e9 o fato do senhor se apresentar como bispo de Roma e primaz da unidade das Igrejas. Essa atitude b\u00e1sica permitir\u00e1 retomar o reconhecimento que o Conc\u00edlio Vaticano II fez da plena eclesialidade das Igrejas locais e encontrar a profunda verdade que esse nosso encontro quer expressar, ao se chamar \u201cintereclesial\u201d de Cebs: um encontro de igrejas locais, reunidas a partir das comunidades eclesiais de base e desse modo da Igreja ser. Conte conosco nesse caminho e que Deus o ilumine e o fortale\u00e7a sempre.<\/p>\n<p style=\"text-align: justify\">Despedimo-nos, nos comprometemos de sempre orar pelo senhor e por todas as suas inten\u00e7\u00f5es. Pedimos sua b\u00ean\u00e7\u00e3o apost\u00f3lica e nos colocamos \u00e0 sua disposi\u00e7\u00e3o para vivermos juntos a justi\u00e7a e a profecia a servi\u00e7o da vida. Na festa do Batismo de Jesus de 2014.<\/p>\n<p style=\"text-align: justify\">Fonte e fotografia:Comunica\u00e7\u00e3o Intereclesial das CEBs<\/p>\n<div><\/div>\n","protected":false},"excerpt":{"rendered":"<p>Foi divulgada ontem, 10, a carta do 13\u00ba Intereclesial das Comunidades Eclesiais de Base (CEBs) ao papa Francisco, na qual os romeiros agradecem a mensagem enviada pelo pont\u00edfice, por ocasi\u00e3o do evento. \u201cSua carta nos chegou como uma luz a iluminar o caminho, reacendendo em n\u00f3s a esperan\u00e7a numa Igreja, Povo de Deus\u201d, afirmam. Os &hellip;<\/p>\n<p class=\"read-more\"> <a class=\"\" href=\"https:\/\/www.cnbb.org.br\/romeiros-das-cebs-enviam-carta-ao-papa-francisco\/\"> <span class=\"screen-reader-text\">Romeiros das CEBs enviam carta ao papa Francisco<\/span> Leia mais &raquo;<\/a><\/p>\n","protected":false},"author":83,"featured_media":22664,"comment_status":"open","ping_status":"open","sticky":false,"template":"","format":"standard","meta":{"site-sidebar-layout":"default","site-content-layout":"default","ast-global-header-display":"","ast-banner-title-visibility":"","ast-main-header-display":"","ast-hfb-above-header-display":"","ast-hfb-below-header-display":"","ast-hfb-mobile-header-display":"","site-post-title":"","ast-breadcrumbs-content":"","ast-featured-img":"","footer-sml-layout":"","theme-transparent-header-meta":"","adv-header-id-meta":"","stick-header-meta":"","header-above-stick-meta":"","header-main-stick-meta":"","header-below-stick-meta":""},"categories":[867,769],"tags":[],"acf":[],"_links":{"self":[{"href":"https:\/\/www.cnbb.org.br\/cnbb-app\/wp\/v2\/posts\/22663"}],"collection":[{"href":"https:\/\/www.cnbb.org.br\/cnbb-app\/wp\/v2\/posts"}],"about":[{"href":"https:\/\/www.cnbb.org.br\/cnbb-app\/wp\/v2\/types\/post"}],"author":[{"embeddable":true,"href":"https:\/\/www.cnbb.org.br\/cnbb-app\/wp\/v2\/users\/83"}],"replies":[{"embeddable":true,"href":"https:\/\/www.cnbb.org.br\/cnbb-app\/wp\/v2\/comments?post=22663"}],"version-history":[{"count":0,"href":"https:\/\/www.cnbb.org.br\/cnbb-app\/wp\/v2\/posts\/22663\/revisions"}],"wp:featuredmedia":[{"embeddable":true,"href":"https:\/\/www.cnbb.org.br\/cnbb-app\/wp\/v2\/media\/22664"}],"wp:attachment":[{"href":"https:\/\/www.cnbb.org.br\/cnbb-app\/wp\/v2\/media?parent=22663"}],"wp:term":[{"taxonomy":"category","embeddable":true,"href":"https:\/\/www.cnbb.org.br\/cnbb-app\/wp\/v2\/categories?post=22663"},{"taxonomy":"post_tag","embeddable":true,"href":"https:\/\/www.cnbb.org.br\/cnbb-app\/wp\/v2\/tags?post=22663"}],"curies":[{"name":"wp","href":"https:\/\/api.w.org\/{rel}","templated":true}]}}