{"id":22689,"date":"2014-12-10T00:00:00","date_gmt":"2014-12-10T02:00:00","guid":{"rendered":"https:\/\/www.cnbb.org.br\/dioceses-do-piaui-estudam-documento-100\/"},"modified":"2014-12-10T00:00:00","modified_gmt":"2014-12-10T02:00:00","slug":"dioceses-do-piaui-estudam-documento-100","status":"publish","type":"post","link":"https:\/\/www.cnbb.org.br\/dioceses-do-piaui-estudam-documento-100\/","title":{"rendered":"Dioceses do Piau\u00ed estudam documento 100"},"content":{"rendered":"<p style=\"text-align: justify\"><span style=\"line-height: 1.3em\">Nos meses de outubro e novembro aconteceram assembleias pastorais em v\u00e1rias dioceses do regional Nordeste 4 da Confer\u00eancia Nacional dos Bispos do Brasil (CNBB). O Documento 100 da Confer\u00eancia, \u201cComunidade de comunidades: uma nova par\u00f3quia \u2013 a convers\u00e3o pastoral da par\u00f3quia\u201d, foi o objeto de estudo das plen\u00e1rias diocesanas.<\/span><\/p>\n<p><!--more--><\/p>\n<p style=\"text-align: justify\"><strong style=\"line-height: 1.3em\">Parna\u00edba<\/strong><\/p>\n<p style=\"text-align: justify\">Na diocese de Parna\u00edba (PI), ocorreu a 18\u00aa Assembleia de Pastoral, com o tema \u201cVinde e vede\u201d (Jo 1, 38-39) e o lema \u201cQue Igreja somos e que Igreja seremos?\u201d. O bispo de Parna\u00edba e presidente do regional Nordeste 4 da CNBB, dom Alfredo Schaffler, recomendou aos participantes o debate do Documento 99, Diret\u00f3rio de Comunica\u00e7\u00e3o da Igreja no Brasil, \u00a0e o Estudo 107, \u201cCrist\u00e3os leigos e leigas na Igreja e na sociedade \u2013 sal da terra e luz do mundo\u201d.<\/p>\n<p style=\"text-align: justify\"><strong>Picos<\/strong><\/p>\n<p style=\"text-align: justify\"><img decoding=\"async\" loading=\"lazy\" class=\" alignright size-full wp-image-24263\" src=\"https:\/\/www.cnbb.org.br\/wp-content\/uploads\/2020\/03\/AssembleiaNE4_Picos-350x162-1.jpg\" alt=\"\" width=\"350\" height=\"162\" align=\"right\" border=\"0\" \/>Vivenciando o Jubileu de 40 anos de funda\u00e7\u00e3o, a diocese de Picos (PI) realizou sua Assembleia de Pastoral de 7 a 9 de novembro. O bispo de Oeiras (PI), dom Juarez Sousa da Silva, assessorou a forma\u00e7\u00e3o sobre Documento 100 da CNBB. O Estudo 107 tamb\u00e9m esteve na pauta. As comemora\u00e7\u00f5es das quatro d\u00e9cadas, que prosseguir\u00e3o at\u00e9 setembro de 2015, t\u00eam como tema \u201cSer Igreja, comunidade de comunidades, indo a todos e envolvendo a todos\u201d e o lema \u201cTodos abra\u00e7avam a f\u00e9 e viviam unidos\u201d (At 2, 44).<\/p>\n<p style=\"text-align: justify\"><strong>Oeiras<\/strong><\/p>\n<p style=\"text-align: justify\">O tema da 7\u00aa Assembleia Diocesana de Pastoral de Oeiras foi o t\u00edtulo do Documento 100 da CNBB. \u201cEle traz a reflex\u00e3o sobre o papel da Igreja perante a comunidade, pois nos convida a fazer igreja como miss\u00e3o\u201d, explicou o bispo diocesano, dom Juarez Sousa da Silva. O lema proposto foi \u201cEu te exorto a reavivar o dom de Deus que h\u00e1 em ti\u201d (2Tim 1, 6). Estiveram na pauta do encontro, que aconteceu de 13 a 16 de novembro, a proposta de Ano Jubilar da Diocese e a aprova\u00e7\u00e3o da realiza\u00e7\u00e3o da Romaria da Terra e da \u00c1gua, marcada para o m\u00eas de agosto de 2015.<\/p>\n<p style=\"text-align: justify\"><strong>Campo Maior<\/strong><\/p>\n<p style=\"text-align: justify\">A diocese de Campo Maior realizou sua 38\u00aa Assembleia de Pastoral com a participa\u00e7\u00e3o de 110 pessoas, tamb\u00e9m entre os dias 13 e 16 de novembro.<\/p>\n<p style=\"text-align: justify\">Aconteceram ainda assembleias nas dioceses de S\u00e3o Raimundo Nonato, Bom Jesus do Gurgu\u00e9ia e Floriano.<\/p>\n<h5 style=\"text-align: justify\">Com informa\u00e7\u00f5es e foto do regional Nordeste 4 da CNBB<\/h5>\n","protected":false},"excerpt":{"rendered":"<p>Nos meses de outubro e novembro aconteceram assembleias pastorais em v\u00e1rias dioceses do regional Nordeste 4 da Confer\u00eancia Nacional dos Bispos do Brasil (CNBB). O Documento 100 da Confer\u00eancia, \u201cComunidade de comunidades: uma nova par\u00f3quia \u2013 a convers\u00e3o pastoral da par\u00f3quia\u201d, foi o objeto de estudo das plen\u00e1rias diocesanas.<\/p>\n","protected":false},"author":83,"featured_media":22690,"comment_status":"open","ping_status":"open","sticky":false,"template":"","format":"standard","meta":{"site-sidebar-layout":"default","site-content-layout":"default","ast-global-header-display":"","ast-banner-title-visibility":"","ast-main-header-display":"","ast-hfb-above-header-display":"","ast-hfb-below-header-display":"","ast-hfb-mobile-header-display":"","site-post-title":"","ast-breadcrumbs-content":"","ast-featured-img":"","footer-sml-layout":"","theme-transparent-header-meta":"","adv-header-id-meta":"","stick-header-meta":"","header-above-stick-meta":"","header-main-stick-meta":"","header-below-stick-meta":""},"categories":[867,769],"tags":[],"acf":[],"_links":{"self":[{"href":"https:\/\/www.cnbb.org.br\/cnbb-app\/wp\/v2\/posts\/22689"}],"collection":[{"href":"https:\/\/www.cnbb.org.br\/cnbb-app\/wp\/v2\/posts"}],"about":[{"href":"https:\/\/www.cnbb.org.br\/cnbb-app\/wp\/v2\/types\/post"}],"author":[{"embeddable":true,"href":"https:\/\/www.cnbb.org.br\/cnbb-app\/wp\/v2\/users\/83"}],"replies":[{"embeddable":true,"href":"https:\/\/www.cnbb.org.br\/cnbb-app\/wp\/v2\/comments?post=22689"}],"version-history":[{"count":0,"href":"https:\/\/www.cnbb.org.br\/cnbb-app\/wp\/v2\/posts\/22689\/revisions"}],"wp:featuredmedia":[{"embeddable":true,"href":"https:\/\/www.cnbb.org.br\/cnbb-app\/wp\/v2\/media\/22690"}],"wp:attachment":[{"href":"https:\/\/www.cnbb.org.br\/cnbb-app\/wp\/v2\/media?parent=22689"}],"wp:term":[{"taxonomy":"category","embeddable":true,"href":"https:\/\/www.cnbb.org.br\/cnbb-app\/wp\/v2\/categories?post=22689"},{"taxonomy":"post_tag","embeddable":true,"href":"https:\/\/www.cnbb.org.br\/cnbb-app\/wp\/v2\/tags?post=22689"}],"curies":[{"name":"wp","href":"https:\/\/api.w.org\/{rel}","templated":true}]}}