{"id":22703,"date":"2015-07-06T00:00:00","date_gmt":"2015-07-06T03:00:00","guid":{"rendered":"https:\/\/www.cnbb.org.br\/formacao-missionaria-para-seminaristas-do-nordeste-aborda-igreja-em-saida\/"},"modified":"2015-07-06T00:00:00","modified_gmt":"2015-07-06T03:00:00","slug":"formacao-missionaria-para-seminaristas-do-nordeste-aborda-igreja-em-saida","status":"publish","type":"post","link":"https:\/\/www.cnbb.org.br\/formacao-missionaria-para-seminaristas-do-nordeste-aborda-igreja-em-saida\/","title":{"rendered":"Forma\u00e7\u00e3o mission\u00e1ria para seminaristas do Nordeste aborda &#8220;Igreja em sa\u00edda&#8221;"},"content":{"rendered":"<p style=\"text-align: justify\"><span style=\"font-size: 12.1599998474121px;line-height: 1.3em\">Seminaristas de 28 dioceses do Rio Grande do Norte, Bahia, Sergipe, Pernambuco, Para\u00edba, Maranh\u00e3o e Cear\u00e1 participaram, de 30 de junho a 04 de julho, do 7\u00ba Encontro de Forma\u00e7\u00e3o Mission\u00e1ria de Seminaristas (Formise). O evento \u00a0foi realizado no semin\u00e1rio arquidiocesano S\u00e3o Pedro, em Natal (RN).<\/span><\/p>\n<p><!--more--><\/p>\n<p style=\"text-align: justify\">\u00a0Al\u00e9m do estudo do tema do 2\u00ba Congresso Mission\u00e1rio Nacional de Seminaristas, \u201cO mission\u00e1rio presb\u00edtero para uma Igreja em sa\u00edda\u201d, os seminaristas viveram momentos de partilha em grupo, celebra\u00e7\u00f5es e testemunhos. O secret\u00e1rio nacional da Pontif\u00edcia Uni\u00e3o Mission\u00e1ria, padre Jaime Carlos Patias, foi o respons\u00e1vel por assessorar os trabalhos.<\/p>\n<p style=\"text-align: justify\">Segundo padre Jaime, al\u00e9m de ser um pedido do papa Francisco, eventos como este s\u00e3o importantes na contribui\u00e7\u00e3o da forma\u00e7\u00e3o dos seminaristas, para que se conscientizem da necessidade de seguir a experi\u00eancia da igreja mission\u00e1ria. \u201cUm dos desafios enfrentados pela Igreja hoje \u00e9 a verdadeira convers\u00e3o para uma Igreja mission\u00e1ria, ent\u00e3o, essas atividades visam refor\u00e7ar e criar este esp\u00edrito nos futuros presb\u00edteros\u201d, destaca.<\/p>\n<p style=\"text-align: justify\">O assessor lembrou tamb\u00e9m que o evento quis contribuir para a espiritualidade do 2\u00ba Congresso Mission\u00e1rio Nacional de Seminaristas, que ocorrer\u00e1 de 9 a 12 de julho, em Belo Horizonte (MG).<\/p>\n<p style=\"text-align: justify\">Na pauta de discuss\u00e3o do encontro, teve destaque a indica\u00e7\u00e3o da cria\u00e7\u00e3o e articula\u00e7\u00e3o dos Conselhos Mission\u00e1rios de Seminaristas (Comise) em todos os semin\u00e1rios e casas de forma\u00e7\u00e3o religiosas. Em alguns estados, o Comise j\u00e1 est\u00e1 inserido no processo formativo, mas em outros, este instrumento ainda n\u00e3o foi criado.<\/p>\n<p style=\"text-align: justify\"><strong>Estudos e proximidade com a realidade<\/strong><\/p>\n<p style=\"text-align: justify\">Em apoio \u00e0 iniciativa, o arcebispo de Natal, dom Jaime Vieira Rocha, celebrou missa e falou aos participantes sobre o entusiasmo com os acontecimentos eclesiais de refer\u00eancia, como o Conc\u00edlio Vaticano II e as confer\u00eancias de Medel\u00edn, Puebla, Santo Domingo e Aparecida. O arcebispo refor\u00e7ou que \u00e9 importante estudar esses documentos e seguir suas orienta\u00e7\u00f5es.<\/p>\n<p style=\"text-align: justify\">Em uma an\u00e1lise da realidade atual, dom Jaime destacou os efeitos das mudan\u00e7as r\u00e1pidas e profundas. \u201cSe n\u00f3s n\u00e3o nos dermos conta disso, corremos o risco de sermos apenas uma Igreja da sacristia e voltada para as nossas pr\u00f3prias seguran\u00e7as, para o autoritarismo, a imposi\u00e7\u00e3o, o clericalismo, num distanciamento da realidade e da vida do povo. O papa Francisco j\u00e1 nos chamou a aten\u00e7\u00e3o sobre isso. Nesse panorama, percebemos as tend\u00eancias que v\u00e3o se manifestando&#8221;. Diante disso, ele afirmou que \u201cpastoralmente h\u00e1 a necessidade do clero se organizar a partir da realidade interna e externa, na sociedade\u201d, possibilitando um avan\u00e7o na miss\u00e3o de servir sem medo.<\/p>\n<p style=\"text-align: justify\">A hist\u00f3ria, o carisma e a metodologia das Pontif\u00edcias Obras Mission\u00e1rias (POM) foi apresentado aos seminaristas pelo secret\u00e1rio nacional da Pontif\u00edcia Obra da Inf\u00e2ncia e Adolesc\u00eancia Mission\u00e1ria (IAM), padre Andr\u00e9 Luiz de Negreiros.<\/p>\n<p style=\"text-align: justify\">Ao destacar algumas atividades das POM, padre Andr\u00e9 ressaltou a import\u00e2ncia dos seminaristas estarem envolvidos na anima\u00e7\u00e3o mission\u00e1ria nas par\u00f3quias e comunidades, \u201ccooperando com os organismos e institui\u00e7\u00f5es mission\u00e1rias atuantes na diocese; favorecendo a cria\u00e7\u00e3o dos Conselhos Mission\u00e1rios Paroquiais (Comipas); dando apoio aos grupos de Inf\u00e2ncia e Adolesc\u00eancia Mission\u00e1ria (IAM), Juventude Mission\u00e1ria (JM), Fam\u00edlias Mission\u00e1rias (FM), Idosos e Enfermos Mission\u00e1rios; al\u00e9m de dinamizar a Campanha Mission\u00e1ria do m\u00eas de outubro com a novena e a coleta do Dia Mundial das Miss\u00f5es\u201d.<\/p>\n<p style=\"text-align: justify\">Para um dos coordenadores do encontro, o seminarista Jecione da Silva, que cursa o 4\u00ba ano de teologia na arquidiocese de Natal, a inciativa mexeu com os participantes. Sobre o encontro, ele expressou que foi poss\u00edvel refletir as palavras de Francisco, \u201cque insiste em uma Igreja mais mission\u00e1ria, capaz de se lan\u00e7ar na gra\u00e7a de Deus movida pelo Esp\u00edrito Santo, para a sa\u00edda do comodismo estrutural e ida ao encontro do povo de Deus, ou seja, daqueles que se encontram nas periferias existenciais da sociedade\u201d, concluiu.<\/p>\n<p style=\"text-align: justify\">Jecione destacou ainda a intera\u00e7\u00e3o entre os seminaristas, vindos de diferentes realidades. \u201cTodos entusiasmados e com vontade de crescer na a\u00e7\u00e3o mission\u00e1ria em suas dioceses e criar os Comises em seus semin\u00e1rios\u201d, concluiu.<\/p>\n<p style=\"text-align: justify\">A programa\u00e7\u00e3o abriu espa\u00e7o tamb\u00e9m para momentos culturais e uma visita aos principais pontos tur\u00edsticos da capital potiguar. A cidade de Crato, no Cear\u00e1, foi escolhida para sediar o 8\u00ba Formise do Nordeste, em julho de 2016.<\/p>\n<h5>Com informa\u00e7\u00f5es das Pontif\u00edcias Obras Mission\u00e1rias<\/h5>\n","protected":false},"excerpt":{"rendered":"<p>Seminaristas de 28 dioceses do Rio Grande do Norte, Bahia, Sergipe, Pernambuco, Para\u00edba, Maranh\u00e3o e Cear\u00e1 participaram, de 30 de junho a 04 de julho, do 7\u00ba Encontro de Forma\u00e7\u00e3o Mission\u00e1ria de Seminaristas (Formise). O evento \u00a0foi realizado no semin\u00e1rio arquidiocesano S\u00e3o Pedro, em Natal (RN).<\/p>\n","protected":false},"author":83,"featured_media":22704,"comment_status":"open","ping_status":"open","sticky":false,"template":"","format":"standard","meta":{"site-sidebar-layout":"default","site-content-layout":"default","ast-global-header-display":"","ast-banner-title-visibility":"","ast-main-header-display":"","ast-hfb-above-header-display":"","ast-hfb-below-header-display":"","ast-hfb-mobile-header-display":"","site-post-title":"","ast-breadcrumbs-content":"","ast-featured-img":"","footer-sml-layout":"","theme-transparent-header-meta":"","adv-header-id-meta":"","stick-header-meta":"","header-above-stick-meta":"","header-main-stick-meta":"","header-below-stick-meta":""},"categories":[867,769],"tags":[],"acf":[],"_links":{"self":[{"href":"https:\/\/www.cnbb.org.br\/cnbb-app\/wp\/v2\/posts\/22703"}],"collection":[{"href":"https:\/\/www.cnbb.org.br\/cnbb-app\/wp\/v2\/posts"}],"about":[{"href":"https:\/\/www.cnbb.org.br\/cnbb-app\/wp\/v2\/types\/post"}],"author":[{"embeddable":true,"href":"https:\/\/www.cnbb.org.br\/cnbb-app\/wp\/v2\/users\/83"}],"replies":[{"embeddable":true,"href":"https:\/\/www.cnbb.org.br\/cnbb-app\/wp\/v2\/comments?post=22703"}],"version-history":[{"count":0,"href":"https:\/\/www.cnbb.org.br\/cnbb-app\/wp\/v2\/posts\/22703\/revisions"}],"wp:featuredmedia":[{"embeddable":true,"href":"https:\/\/www.cnbb.org.br\/cnbb-app\/wp\/v2\/media\/22704"}],"wp:attachment":[{"href":"https:\/\/www.cnbb.org.br\/cnbb-app\/wp\/v2\/media?parent=22703"}],"wp:term":[{"taxonomy":"category","embeddable":true,"href":"https:\/\/www.cnbb.org.br\/cnbb-app\/wp\/v2\/categories?post=22703"},{"taxonomy":"post_tag","embeddable":true,"href":"https:\/\/www.cnbb.org.br\/cnbb-app\/wp\/v2\/tags?post=22703"}],"curies":[{"name":"wp","href":"https:\/\/api.w.org\/{rel}","templated":true}]}}