{"id":22709,"date":"2015-10-05T00:00:00","date_gmt":"2015-10-05T03:00:00","guid":{"rendered":"https:\/\/www.cnbb.org.br\/arcebispo-de-fortaleza-abre-mes-missionario-com-seminaristas\/"},"modified":"2015-10-05T00:00:00","modified_gmt":"2015-10-05T03:00:00","slug":"arcebispo-de-fortaleza-abre-mes-missionario-com-seminaristas","status":"publish","type":"post","link":"https:\/\/www.cnbb.org.br\/arcebispo-de-fortaleza-abre-mes-missionario-com-seminaristas\/","title":{"rendered":"Arcebispo de Fortaleza abre m\u00eas mission\u00e1rio com seminaristas"},"content":{"rendered":"<p style=\"text-align: justify\">Dom Jos\u00e9 Aparecido Tosi Marques recorda documentos da Igreja sobre a miss\u00e3o<\/p>\n<p><!--more--><\/p>\n<p style=\"text-align: justify\">O arcebispo de Fortaleza (CE), dom Jos\u00e9 Antonio Aparecido Tosi Marques, participou, no \u00faltimo s\u00e1bado, 3, do encontro mensal com os seminaristas. Com a prepara\u00e7\u00e3o do Conselho Mission\u00e1rio de Seminaristas (Comise), foi realizada a abertura do M\u00eas Mission\u00e1rio para os aspirantes ao sacerd\u00f3cio das tr\u00eas casas de forma\u00e7\u00e3o da arquidiocese, que atuam com estudantes do Proped\u00eautico, Filosofia e Teologia.<\/p>\n<p style=\"text-align: justify\">O bispo conduziu sua catequese aos seminaristas a partir dos documentos da Igreja que abordam a tem\u00e1tica da miss\u00e3o, como o Decreto do papa Paulo VI,\u00a0<em>Ad Gentes<\/em>, que em dezembro completa 50 anos de sua publica\u00e7\u00e3o.<\/p>\n<p style=\"text-align: justify\">O arcebispo falou sobre o chamado mission\u00e1rio, considerando que a forma\u00e7\u00e3o dos seminaristas para a miss\u00e3o est\u00e1 \u201cdentro da din\u00e2mica comum a todos os batizados\u201d. \u201cTodos somos chamados a ser disc\u00edpulos e mission\u00e1rios de Cristo\u201d, disse dom Jos\u00e9 Aparecido, lembrando ainda que \u201ca Igreja deve estar em estado permanente de miss\u00e3o\u201d e que \u201co Esp\u00edrito Santo \u00e9 o agente protagonista da miss\u00e3o\u201d.<\/p>\n<p style=\"text-align: justify\">O Comise da arquidiocese de Fortaleza tamb\u00e9m estar\u00e1 \u00e0 frente da Novena Mission\u00e1ria e do Dia de Miss\u00e3o, que ocorrer\u00e3o\u00a0na par\u00f3quia S\u00e3o Jo\u00e3o Paulo II, no bairro Acaracuzinho, na periferia da capital cearense.<\/p>\n<h5 style=\"text-align: justify\">Com informa\u00e7\u00f5es e foto de Vanderlucio Souza\/arquidiocese de Fortaleza (CE)<\/h5>\n<h5 style=\"text-align: justify\"><\/h5>\n","protected":false},"excerpt":{"rendered":"<p>Dom Jos\u00e9 Aparecido Tosi Marques recorda documentos da Igreja sobre a miss\u00e3o<\/p>\n","protected":false},"author":83,"featured_media":22710,"comment_status":"open","ping_status":"open","sticky":false,"template":"","format":"standard","meta":{"site-sidebar-layout":"default","site-content-layout":"default","ast-global-header-display":"","ast-banner-title-visibility":"","ast-main-header-display":"","ast-hfb-above-header-display":"","ast-hfb-below-header-display":"","ast-hfb-mobile-header-display":"","site-post-title":"","ast-breadcrumbs-content":"","ast-featured-img":"","footer-sml-layout":"","theme-transparent-header-meta":"","adv-header-id-meta":"","stick-header-meta":"","header-above-stick-meta":"","header-main-stick-meta":"","header-below-stick-meta":""},"categories":[867,769],"tags":[],"acf":[],"_links":{"self":[{"href":"https:\/\/www.cnbb.org.br\/cnbb-app\/wp\/v2\/posts\/22709"}],"collection":[{"href":"https:\/\/www.cnbb.org.br\/cnbb-app\/wp\/v2\/posts"}],"about":[{"href":"https:\/\/www.cnbb.org.br\/cnbb-app\/wp\/v2\/types\/post"}],"author":[{"embeddable":true,"href":"https:\/\/www.cnbb.org.br\/cnbb-app\/wp\/v2\/users\/83"}],"replies":[{"embeddable":true,"href":"https:\/\/www.cnbb.org.br\/cnbb-app\/wp\/v2\/comments?post=22709"}],"version-history":[{"count":0,"href":"https:\/\/www.cnbb.org.br\/cnbb-app\/wp\/v2\/posts\/22709\/revisions"}],"wp:featuredmedia":[{"embeddable":true,"href":"https:\/\/www.cnbb.org.br\/cnbb-app\/wp\/v2\/media\/22710"}],"wp:attachment":[{"href":"https:\/\/www.cnbb.org.br\/cnbb-app\/wp\/v2\/media?parent=22709"}],"wp:term":[{"taxonomy":"category","embeddable":true,"href":"https:\/\/www.cnbb.org.br\/cnbb-app\/wp\/v2\/categories?post=22709"},{"taxonomy":"post_tag","embeddable":true,"href":"https:\/\/www.cnbb.org.br\/cnbb-app\/wp\/v2\/tags?post=22709"}],"curies":[{"name":"wp","href":"https:\/\/api.w.org\/{rel}","templated":true}]}}