{"id":22711,"date":"2015-10-09T00:00:00","date_gmt":"2015-10-09T03:00:00","guid":{"rendered":"https:\/\/www.cnbb.org.br\/regional-nordeste-1-realiza-sua-21-assembleia-de-pastoral\/"},"modified":"2015-10-09T00:00:00","modified_gmt":"2015-10-09T03:00:00","slug":"regional-nordeste-1-realiza-sua-21-assembleia-de-pastoral","status":"publish","type":"post","link":"https:\/\/www.cnbb.org.br\/regional-nordeste-1-realiza-sua-21-assembleia-de-pastoral\/","title":{"rendered":"Regional Nordeste 1 realiza 21\u00aa Assembleia de Pastoral"},"content":{"rendered":"<p style=\"text-align: justify\">Participam do evento, que ocorre na diocese de Iguatu, \u00a0bispos, padres e leigos\u00a0<\/p>\n<p>  <!--more-->  <\/p>\n<p style=\"text-align: justify\">A diocese de Iguatu recebe at\u00e9 amanh\u00e3, dia 10, a 21\u00aa Assembleia de Pastoral do regional Nordeste 1 da Confer\u00eancia Nacional dos Bispos do Brasil (CNBB). O encontro que re\u00fane 100 pessoas, entre bispos, padres, religiosos e leigos das dioceses do Cear\u00e1, teve in\u00edcio na quinta-feira, 8. O tema escolhido para conduzir os trabalhos \u00e9 \u201cA Igreja em sa\u00edda: uma convers\u00e3o pastoral\u201d e o lema \u201cA alegria do evangelho\u201d.<\/p>\n<p style=\"text-align: justify\">Os participantes avaliam a\u00a0caminhada do regional e definem prioridades da miss\u00e3o nas dioceses cearenses. O intuito \u00e9 \u201cfazer com que o an\u00fancio do Evangelho caminhe em comunh\u00e3o com as novas Diretrizes Gerais da A\u00e7\u00e3o Evangelizadora da Igreja no Brasil (DGAE 2015-2019)\u201d, aprovadas durante a 53\u00aa Assembleia Geral da CNBB, em abril deste ano.<\/p>\n<p style=\"text-align: justify\">Nos tr\u00eas dias de encontro, al\u00e9m de tratarem sobre o planejamento do trabalho, os presentes participam de celebra\u00e7\u00f5es eucar\u00edsticas, of\u00edcio divino das comunidades, refletem sobre\u00a0a an\u00e1lise de conjuntura eclesial \u00a0e partilham\u00a0experi\u00eancias das realidades diocesanas.<\/p>\n<p style=\"text-align: justify\">Fazem parte do regional Nordeste 1 da CNBB as dioceses de Iguatu, Crato, Itapipoca, Sobral, Crate\u00fas, Limoeiro do Norte, Tiangu\u00e1 e Quixad\u00e1, al\u00e9m da arquidiocese de Fortaleza.<\/p>\n<h5 style=\"text-align: justify\">Com informa\u00e7\u00f5es e foto da diocese de Iguatu (CE)<\/h5>\n<h5 style=\"text-align: justify\">\u00a0<\/h5>\n","protected":false},"excerpt":{"rendered":"<p>Participam do evento, que ocorre na diocese de Iguatu, \u00a0bispos, padres e leigos\u00a0<\/p>\n","protected":false},"author":83,"featured_media":22712,"comment_status":"open","ping_status":"open","sticky":false,"template":"","format":"standard","meta":{"site-sidebar-layout":"default","site-content-layout":"default","ast-global-header-display":"","ast-banner-title-visibility":"","ast-main-header-display":"","ast-hfb-above-header-display":"","ast-hfb-below-header-display":"","ast-hfb-mobile-header-display":"","site-post-title":"","ast-breadcrumbs-content":"","ast-featured-img":"","footer-sml-layout":"","theme-transparent-header-meta":"","adv-header-id-meta":"","stick-header-meta":"","header-above-stick-meta":"","header-main-stick-meta":"","header-below-stick-meta":""},"categories":[867,769],"tags":[],"acf":[],"_links":{"self":[{"href":"https:\/\/www.cnbb.org.br\/cnbb-app\/wp\/v2\/posts\/22711"}],"collection":[{"href":"https:\/\/www.cnbb.org.br\/cnbb-app\/wp\/v2\/posts"}],"about":[{"href":"https:\/\/www.cnbb.org.br\/cnbb-app\/wp\/v2\/types\/post"}],"author":[{"embeddable":true,"href":"https:\/\/www.cnbb.org.br\/cnbb-app\/wp\/v2\/users\/83"}],"replies":[{"embeddable":true,"href":"https:\/\/www.cnbb.org.br\/cnbb-app\/wp\/v2\/comments?post=22711"}],"version-history":[{"count":0,"href":"https:\/\/www.cnbb.org.br\/cnbb-app\/wp\/v2\/posts\/22711\/revisions"}],"wp:featuredmedia":[{"embeddable":true,"href":"https:\/\/www.cnbb.org.br\/cnbb-app\/wp\/v2\/media\/22712"}],"wp:attachment":[{"href":"https:\/\/www.cnbb.org.br\/cnbb-app\/wp\/v2\/media?parent=22711"}],"wp:term":[{"taxonomy":"category","embeddable":true,"href":"https:\/\/www.cnbb.org.br\/cnbb-app\/wp\/v2\/categories?post=22711"},{"taxonomy":"post_tag","embeddable":true,"href":"https:\/\/www.cnbb.org.br\/cnbb-app\/wp\/v2\/tags?post=22711"}],"curies":[{"name":"wp","href":"https:\/\/api.w.org\/{rel}","templated":true}]}}