{"id":22715,"date":"2015-12-15T00:00:00","date_gmt":"2015-12-15T02:00:00","guid":{"rendered":"https:\/\/www.cnbb.org.br\/igreja-emite-carta-de-reconciliacao-com-padre-cicero\/"},"modified":"2015-12-15T00:00:00","modified_gmt":"2015-12-15T02:00:00","slug":"igreja-emite-carta-de-reconciliacao-com-padre-cicero","status":"publish","type":"post","link":"https:\/\/www.cnbb.org.br\/igreja-emite-carta-de-reconciliacao-com-padre-cicero\/","title":{"rendered":"Igreja emite carta de reconcilia\u00e7\u00e3o com padre C\u00edcero"},"content":{"rendered":"<p style=\"text-align: justify\"><span style=\"font-size: 12.16px;line-height: 15.808px\">A decis\u00e3o da Santa S\u00e9 foi comunicada\u00a0pelo bispo diocesano, dom Fernando Panico<\/span><\/p>\n<p><!--more--><\/p>\n<p style=\"text-align: justify\">\u201c\u00c9 ineg\u00e1vel que o padre C\u00edcero Rom\u00e3o Batista, no arco de sua exist\u00eancia, viveu uma f\u00e9 simples, em sintonia com o seu povo e, por isso mesmo, desde o in\u00edcio, foi compreendido e amado por este mesmo povo\u201d, expressou o papa Francisco, em carta assinada pelo secret\u00e1rio de Estado, cardeal Pietro Parolin. O texto recorda a incans\u00e1vel miss\u00e3o do padre C\u00edcero no territ\u00f3rio nordestino e o servi\u00e7o em prol dos pobres.<\/p>\n<p style=\"text-align: justify\">A decis\u00e3o da Santa S\u00e9 foi anunciada durante a solenidade da abertura da Porta Santa na diocese de Crato (CE), realizada no dia 13 de dezembro. O bispo diocesano, dom Fernando Panico lembra\u00a0a alegria da comunidade na celebra\u00e7\u00e3o, que teve significado ainda maior. Para o bispo, padre C\u00edcero foi um\u00a0exemplo de evangelizador.<\/p>\n<p style=\"text-align: justify\">Na homilia, dom Fernando Panico comunicou ao povo a decis\u00e3o do papa Francisco em autorizar a reconcilia\u00e7\u00e3o do \u201cPadim Ci\u00e7o\u201d, como \u00e9 chamado pelos devotos. Na mensagem, o Vaticano reconhece a f\u00e9 simples e a devo\u00e7\u00e3o de padre C\u00edcero a\u00a0Nossa Senhora. O papa ainda caracterizou como atual o modo de evangeliza\u00e7\u00e3o, vivido pelo sacerdote no final do s\u00e9culo XIX e in\u00edcio do XX.<\/p>\n<p style=\"text-align: justify\">\u201cAtitude de sa\u00edda, ao encontro das periferias existenciais, a atitude do padre C\u00edcero em acolher a todos, especialmente os pobres e sofredores, aconselhando-os e aben\u00e7oando-os, constitui sem d\u00favida, um sinal importante e atual\u201d, afirmou.<\/p>\n<p><strong><img decoding=\"async\" loading=\"lazy\" class=\" alignright size-full wp-image-27908\" style=\"float: right\" src=\"https:\/\/www.cnbb.org.br\/wp-content\/uploads\/2020\/03\/dompanicoepapa.jpg\" alt=\"\" width=\"345\" height=\"232\" \/>Vida e testemunho\u00a0<\/strong><\/p>\n<p style=\"text-align: justify\">Padre C\u00edcero morreu em 1934, suspenso do Uso de Ordem. Na regi\u00e3o, teve in\u00edcio forte devo\u00e7\u00e3o popular, principalmente em Juazeiro do Norte. Em 2006, dom Fernando Panico formou comiss\u00e3o para solicitar a Congrega\u00e7\u00e3o para Doutrina da F\u00e9, no Vaticano, a reabilita\u00e7\u00e3o do sacerdote. \u00a0Por\u00e9m, na decis\u00e3o o papa Francisco estabelece n\u00e3o apenas a reabilita\u00e7\u00e3o que trata da recupera\u00e7\u00e3o de ordens que estavam suspensas, mas da reconcilia\u00e7\u00e3o, anulando qualquer oposi\u00e7\u00e3o \u00e0\u00a0a\u00e7\u00e3o do padre C\u00edcero.<\/p>\n<p style=\"text-align: justify\">\u201cComo bispo diocesano dessa Igreja particular, fico feliz por poder receber essa grande gra\u00e7a, em nome do padre C\u00edcero e de seus romeiros e romeiras, em nome de todos aqueles bispos \u2013 dom Quintino, dom Delgado \u2013 que alguma vez pediram que a Igreja e padre C\u00edcero se reconciliassem, em nome de todas as pessoas que queriam ver o Seu Padrinho ser, de novo, acolhido pela Igreja Cat\u00f3lica da mesma forma que sempre foi acolhido por seus afilhados!\u201d, recorda dom Fernando.<\/p>\n<p style=\"text-align: justify\">A decis\u00e3o da Santa S\u00e9 reconhece as romarias e devo\u00e7\u00e3o ao padre C\u00edcero, possibilitando maior aproxima\u00e7\u00e3o dos romeiros com a Igreja Cat\u00f3lica.<\/p>\n<h5 style=\"text-align: justify\">CNBB com informa\u00e7\u00f5es e foto da diocese de Crato (CE).<\/h5>\n","protected":false},"excerpt":{"rendered":"<p>A decis\u00e3o da Santa S\u00e9 foi comunicada\u00a0pelo bispo diocesano, dom Fernando Panico<\/p>\n","protected":false},"author":83,"featured_media":22716,"comment_status":"open","ping_status":"open","sticky":false,"template":"","format":"standard","meta":{"site-sidebar-layout":"default","site-content-layout":"default","ast-global-header-display":"","ast-banner-title-visibility":"","ast-main-header-display":"","ast-hfb-above-header-display":"","ast-hfb-below-header-display":"","ast-hfb-mobile-header-display":"","site-post-title":"","ast-breadcrumbs-content":"","ast-featured-img":"","footer-sml-layout":"","theme-transparent-header-meta":"","adv-header-id-meta":"","stick-header-meta":"","header-above-stick-meta":"","header-main-stick-meta":"","header-below-stick-meta":""},"categories":[867,769],"tags":[],"acf":[],"_links":{"self":[{"href":"https:\/\/www.cnbb.org.br\/cnbb-app\/wp\/v2\/posts\/22715"}],"collection":[{"href":"https:\/\/www.cnbb.org.br\/cnbb-app\/wp\/v2\/posts"}],"about":[{"href":"https:\/\/www.cnbb.org.br\/cnbb-app\/wp\/v2\/types\/post"}],"author":[{"embeddable":true,"href":"https:\/\/www.cnbb.org.br\/cnbb-app\/wp\/v2\/users\/83"}],"replies":[{"embeddable":true,"href":"https:\/\/www.cnbb.org.br\/cnbb-app\/wp\/v2\/comments?post=22715"}],"version-history":[{"count":0,"href":"https:\/\/www.cnbb.org.br\/cnbb-app\/wp\/v2\/posts\/22715\/revisions"}],"wp:featuredmedia":[{"embeddable":true,"href":"https:\/\/www.cnbb.org.br\/cnbb-app\/wp\/v2\/media\/22716"}],"wp:attachment":[{"href":"https:\/\/www.cnbb.org.br\/cnbb-app\/wp\/v2\/media?parent=22715"}],"wp:term":[{"taxonomy":"category","embeddable":true,"href":"https:\/\/www.cnbb.org.br\/cnbb-app\/wp\/v2\/categories?post=22715"},{"taxonomy":"post_tag","embeddable":true,"href":"https:\/\/www.cnbb.org.br\/cnbb-app\/wp\/v2\/tags?post=22715"}],"curies":[{"name":"wp","href":"https:\/\/api.w.org\/{rel}","templated":true}]}}