{"id":22719,"date":"2016-01-22T00:00:00","date_gmt":"2016-01-22T02:00:00","guid":{"rendered":"https:\/\/www.cnbb.org.br\/arquidiocese-de-fortaleza-promove-jubileu-dos-religiosos\/"},"modified":"2016-01-22T00:00:00","modified_gmt":"2016-01-22T02:00:00","slug":"arquidiocese-de-fortaleza-promove-jubileu-dos-religiosos","status":"publish","type":"post","link":"https:\/\/www.cnbb.org.br\/arquidiocese-de-fortaleza-promove-jubileu-dos-religiosos\/","title":{"rendered":"Arquidiocese de Fortaleza promove Jubileu dos Religiosos"},"content":{"rendered":"<p style=\"text-align: justify\">Evento marca encerramento do Ano da Vida Consagrada na Igreja local<\/p>\n<p><!--more--><\/p>\n<p style=\"text-align: justify\">No pr\u00f3ximo dia 2 de fevereiro acontece, na arquidiocese de Fortaleza (CE), o Jubileu dos Consagrados no Ano da Miseric\u00f3rdia. Em carta enviada aos religiosos da capital cearense, o arcebispo metropolitano, dom Jos\u00e9 Antonio Aparecido Tosi Marques, convidou congrega\u00e7\u00f5es religiosas masculinas e femininas e os fi\u00e9is ligados aos respectivos carismas, \u201cprincipalmente os jovens\u201d.<\/p>\n<p style=\"text-align: justify\">A Igreja celebra em 2 de fevereiro o Dia da Vida Consagrada. Na mesma data ser\u00e1 encerrado o Ano da Vida Consagrada, aberto em novembro de 2014 pelo papa Francisco. \u201cAgora, na gra\u00e7a do Jubileu Extraordin\u00e1rio da Miseric\u00f3rdia, desejamos celebrar, tamb\u00e9m em sintonia com a Igreja em todo o mundo, o Jubileu da Miseric\u00f3rdia dos Religiosos na Solenidade da Apresenta\u00e7\u00e3o do Senhor\u201d, convidou dom Jos\u00e9 Antonio.<\/p>\n<p style=\"text-align: justify\">A programa\u00e7\u00e3o ter\u00e1 in\u00edcio \u00e0s 8 horas, na Catedral Metropolitana de Fortaleza.<\/p>\n<p style=\"text-align: justify\">De acordo com o arcebispo, ser\u00e1 um momento para confraterniza\u00e7\u00e3o de todos os religiosos e religiosas \u201ccomo testemunho luminoso do Amor de Deus no reencantamento do seguimento de Jesus \u2013 testemunho vivo no Ano da Miseric\u00f3rdia, nas gra\u00e7as de suas indulg\u00eancias\u201d.<\/p>\n<h3 style=\"text-align: justify\">Ano da Vida Consagrada<\/h3>\n<p style=\"text-align: justify\">\u201cEvangelho, profecia e esperan\u00e7a. Vida Consagrada na Igreja hoje\u201d foi o lema escolhido para o Ano da Vida Consagrada. Em v\u00eddeo-mensagem divulgado na \u00e9poca da abertura do jubileu, o papa Francisco desejou que fosse para os religiosos \u201cuma ocasi\u00e3o para que todos os membros do povo de Deus agrade\u00e7am o Senhor pelo dom da vida consagrada, valorizando-a de maneira conveniente\u201d.<\/p>\n<p style=\"text-align: justify\">Desde dezembro de 2014 foram promovidos v\u00e1rios eventos pela Congrega\u00e7\u00e3o para os Institutos de Vida Consagrada e as Sociedades de Vida Apost\u00f3lica do Vaticano, al\u00e9m de iniciativas por parte da Uni\u00e3o dos Superiores Gerais e das Igrejas particulares.<\/p>\n<h5 style=\"text-align: justify\">Com informa\u00e7\u00f5es e fotografia da arquidiocese de Fortaleza (CE).<\/h5>\n<p style=\"text-align: justify\">\n","protected":false},"excerpt":{"rendered":"<p>Evento marca encerramento do Ano da Vida Consagrada na Igreja local<\/p>\n","protected":false},"author":83,"featured_media":22720,"comment_status":"open","ping_status":"open","sticky":false,"template":"","format":"standard","meta":{"site-sidebar-layout":"default","site-content-layout":"default","ast-global-header-display":"","ast-banner-title-visibility":"","ast-main-header-display":"","ast-hfb-above-header-display":"","ast-hfb-below-header-display":"","ast-hfb-mobile-header-display":"","site-post-title":"","ast-breadcrumbs-content":"","ast-featured-img":"","footer-sml-layout":"","theme-transparent-header-meta":"","adv-header-id-meta":"","stick-header-meta":"","header-above-stick-meta":"","header-main-stick-meta":"","header-below-stick-meta":""},"categories":[867,769],"tags":[],"acf":[],"_links":{"self":[{"href":"https:\/\/www.cnbb.org.br\/cnbb-app\/wp\/v2\/posts\/22719"}],"collection":[{"href":"https:\/\/www.cnbb.org.br\/cnbb-app\/wp\/v2\/posts"}],"about":[{"href":"https:\/\/www.cnbb.org.br\/cnbb-app\/wp\/v2\/types\/post"}],"author":[{"embeddable":true,"href":"https:\/\/www.cnbb.org.br\/cnbb-app\/wp\/v2\/users\/83"}],"replies":[{"embeddable":true,"href":"https:\/\/www.cnbb.org.br\/cnbb-app\/wp\/v2\/comments?post=22719"}],"version-history":[{"count":0,"href":"https:\/\/www.cnbb.org.br\/cnbb-app\/wp\/v2\/posts\/22719\/revisions"}],"wp:featuredmedia":[{"embeddable":true,"href":"https:\/\/www.cnbb.org.br\/cnbb-app\/wp\/v2\/media\/22720"}],"wp:attachment":[{"href":"https:\/\/www.cnbb.org.br\/cnbb-app\/wp\/v2\/media?parent=22719"}],"wp:term":[{"taxonomy":"category","embeddable":true,"href":"https:\/\/www.cnbb.org.br\/cnbb-app\/wp\/v2\/categories?post=22719"},{"taxonomy":"post_tag","embeddable":true,"href":"https:\/\/www.cnbb.org.br\/cnbb-app\/wp\/v2\/tags?post=22719"}],"curies":[{"name":"wp","href":"https:\/\/api.w.org\/{rel}","templated":true}]}}