{"id":22729,"date":"2016-03-11T00:00:00","date_gmt":"2016-03-11T03:00:00","guid":{"rendered":"https:\/\/www.cnbb.org.br\/2-muticom-do-regional-nordeste-i-debateu-comunicacao-e-misericordia\/"},"modified":"2016-03-11T00:00:00","modified_gmt":"2016-03-11T03:00:00","slug":"2-muticom-do-regional-nordeste-i-debateu-comunicacao-e-misericordia","status":"publish","type":"post","link":"https:\/\/www.cnbb.org.br\/2-muticom-do-regional-nordeste-i-debateu-comunicacao-e-misericordia\/","title":{"rendered":"2\u00ba Muticom do regional Nordeste I debateu \u201cComunica\u00e7\u00e3o e Miseric\u00f3rdia\u201d"},"content":{"rendered":"<p class=\"Standard\" style=\"text-align: justify\">O encontrou reuniu mais de cem agentes da Pastoral da Comunica\u00e7\u00e3o\u00a0<\/p>\n<p>  <!--more-->  <\/p>\n<p class=\"Standard\" style=\"text-align: justify\">\u201cSe n\u00f3s amamos a Deus, n\u00f3s amamos a comunica\u00e7\u00e3o. Deus \u00e9 comunica\u00e7\u00e3o. Ele comunica a Si pr\u00f3prio. Comunica a vida, seu infinito amor e sua infinita miseric\u00f3rdia\u201d, disse o bispo de Sobral (CE) e referencial para a comunica\u00e7\u00e3o no regional Nordeste 1 da CNBB, dom Vasconcelos, na confer\u00eancia de abertura do\u00a02\u00ba Mutir\u00e3o Regional de Comunica\u00e7\u00e3o (Muticom).<\/p>\n<p class=\"Standard\" style=\"text-align: justify\">O evento aconteceu de 4 a 6 de mar\u00e7o, na diocese de Crato, com a presen\u00e7a de 120 agentes da Pastoral da Comunica\u00e7\u00e3o (Pascom). <span>Tratou do tema \u201cComunica\u00e7\u00e3o e o an\u00fancio da Miseric\u00f3rdia\u201d e lema \u201cProclamai sobre os telhados a Miseric\u00f3rdia do Pai\u201d (Mt 10, 27)<\/span>.<\/p>\n<p class=\"Standard\" style=\"text-align: justify\">O encontro contou, tamb\u00e9m, com tr\u00eas confer\u00eancias, entre elas, \u201cIgreja Virtual: comunicar para transcender\u201d e \u201cA igreja e a m\u00eddia \u00e0 luz do documento 99\u201d.<\/p>\n<p class=\"Standard\" style=\"text-align: justify\"><strong>Teoria e pr\u00e1tica<\/strong><\/p>\n<p class=\"Standard\" style=\"text-align: justify\">O Mutir\u00e3o ofereceu cinco\u00a0Grupos de Trabalhos (GT), para reflex\u00e3o sobre a teoria e pr\u00e1tica da comunica\u00e7\u00e3o na Pastoral. Foram realizadas as oficinas de \u201cOrat\u00f3ria: a arte de falar bem\u201d, \u201cAn\u00e1lise de sites e redes sociais\u201d, \u201cR\u00e1dio, produzir bem para comunicar\u201d, \u201cA produ\u00e7\u00e3o de not\u00edcias\u201d e \u201cMarketing como propulsor para as Festas de Padroeiros\u201d.\u00a0<\/p>\n<p class=\"Standard\" style=\"text-align: justify\">Ao final do 2\u00ba Muticom, foi eleito o novo secretariado de comunica\u00e7\u00e3o do regional Nordeste 1. A nova equipe \u00e9 constitu\u00edda por Alex Ferreira, coordenador; Vanusa Linhares, vice-coordenadora; Patr\u00edcia Silva, secret\u00e1ria; e Glaubercio Valentim, setor financeiro.\u00a0<\/p>\n<h5 class=\"Textbody\" style=\"text-align: justify\">CNBB com informa\u00e7\u00f5es da diocese de Crato<\/h5>\n","protected":false},"excerpt":{"rendered":"<p>O encontrou reuniu mais de cem agentes da Pastoral da Comunica\u00e7\u00e3o\u00a0<\/p>\n","protected":false},"author":83,"featured_media":22730,"comment_status":"open","ping_status":"open","sticky":false,"template":"","format":"standard","meta":{"site-sidebar-layout":"default","site-content-layout":"default","ast-global-header-display":"","ast-banner-title-visibility":"","ast-main-header-display":"","ast-hfb-above-header-display":"","ast-hfb-below-header-display":"","ast-hfb-mobile-header-display":"","site-post-title":"","ast-breadcrumbs-content":"","ast-featured-img":"","footer-sml-layout":"","theme-transparent-header-meta":"","adv-header-id-meta":"","stick-header-meta":"","header-above-stick-meta":"","header-main-stick-meta":"","header-below-stick-meta":""},"categories":[867,769],"tags":[],"acf":[],"_links":{"self":[{"href":"https:\/\/www.cnbb.org.br\/cnbb-app\/wp\/v2\/posts\/22729"}],"collection":[{"href":"https:\/\/www.cnbb.org.br\/cnbb-app\/wp\/v2\/posts"}],"about":[{"href":"https:\/\/www.cnbb.org.br\/cnbb-app\/wp\/v2\/types\/post"}],"author":[{"embeddable":true,"href":"https:\/\/www.cnbb.org.br\/cnbb-app\/wp\/v2\/users\/83"}],"replies":[{"embeddable":true,"href":"https:\/\/www.cnbb.org.br\/cnbb-app\/wp\/v2\/comments?post=22729"}],"version-history":[{"count":0,"href":"https:\/\/www.cnbb.org.br\/cnbb-app\/wp\/v2\/posts\/22729\/revisions"}],"wp:featuredmedia":[{"embeddable":true,"href":"https:\/\/www.cnbb.org.br\/cnbb-app\/wp\/v2\/media\/22730"}],"wp:attachment":[{"href":"https:\/\/www.cnbb.org.br\/cnbb-app\/wp\/v2\/media?parent=22729"}],"wp:term":[{"taxonomy":"category","embeddable":true,"href":"https:\/\/www.cnbb.org.br\/cnbb-app\/wp\/v2\/categories?post=22729"},{"taxonomy":"post_tag","embeddable":true,"href":"https:\/\/www.cnbb.org.br\/cnbb-app\/wp\/v2\/tags?post=22729"}],"curies":[{"name":"wp","href":"https:\/\/api.w.org\/{rel}","templated":true}]}}