{"id":22752,"date":"2010-02-02T00:00:00","date_gmt":"2010-02-02T02:00:00","guid":{"rendered":"https:\/\/www.cnbb.org.br\/missao-e-gestao\/"},"modified":"2010-02-02T00:00:00","modified_gmt":"2010-02-02T02:00:00","slug":"missao-e-gestao","status":"publish","type":"post","link":"https:\/\/www.cnbb.org.br\/missao-e-gestao\/","title":{"rendered":"Miss\u00e3o e gest\u00e3o"},"content":{"rendered":"<p style=\"text-align: justify\">Quando as pessoas procuram a Igreja tudo o que esperam encontrar num pastor \u00e9 Deus e o seu amor. Esse \u00e9 o servi\u00e7o evangelizador primordial dos pastores. Vinculada \u00e0 forma\u00e7\u00e3o espec\u00edfica dos pastores encontra-se a dimens\u00e3o administrativa, econ\u00f4mica e patrimonial da Igreja, porquanto se incumbem da ger\u00eancia dos bens materiais que o povo de Deus lhe confia. Nesse intuito, a Arquidiocese da Para\u00edba realizou na Capital o II Congresso de Gest\u00e3o Eclesial (de 11 a 15 de janeiro).<\/p>\n<p><!--more--><\/p>\n<p style=\"text-align: justify\">O evento envolveu pastores e fi\u00e9is leigos, leigas, responsabilizados pela a\u00e7\u00e3o evangelizadora e pastoral da Igreja. A presen\u00e7a significativa de leigos \u00e9 uma prova de que a sua efetiva colabora\u00e7\u00e3o volunt\u00e1ria faz a diferen\u00e7a para melhor. S\u00e3o homens e mulheres, jovens e veteranos, que assumem para valer o compromisso crist\u00e3o. Sentem-se \u00fateis valorizando a vida das pessoas, promovendo a uni\u00e3o nas fam\u00edlias, oferecendo-se para construir a sociedade. Ai de n\u00f3s se n\u00e3o fosse a presen\u00e7a atuante dos leigos.<\/p>\n<p style=\"text-align: justify\">N\u00e3o se trata de dar uma m\u00e3ozinha ao padre da par\u00f3quia, mas de assumir a \u00edndole humanit\u00e1ria e o car\u00e1ter crist\u00e3o nos compromissos que s\u00e3o exigentes. Tal como os Direitos Humanos devem ser defendidos e respeitados, os deveres que lhes s\u00e3o inerentes incumbem a todos. Assim acontece com a administra\u00e7\u00e3o dos bens espirituais e com o gerenciamento dos bens materiais. S\u00e3o patrim\u00f4nios do povo e n\u00e3o apenas s\u00e3o bens da Igreja ou do interesse particular de um pastor.<\/p>\n<p style=\"text-align: justify\">A gest\u00e3o eclesial assemelha-se \u00e0 gest\u00e3o de uma fam\u00edlia ou \u00e0 gest\u00e3o de uma empresa, importando no cultivo de valores \u00e9ticos referenciais. A gest\u00e3o passa por planejamentos, busca de recursos de manuten\u00e7\u00e3o e melhoramento, previs\u00e3o or\u00e7ament\u00e1ria, equidade e equil\u00edbrio entre receitas e despesas, controle, avalia\u00e7\u00e3o, prospec\u00e7\u00e3o&#8230; A produ\u00e7\u00e3o de riquezas transforma-se em oportunidades para as pessoas e para as fam\u00edlias crescerem em qualidade e dignidade de vida.<\/p>\n<p style=\"text-align: justify\">Fazendo-se serva da caridade crist\u00e3, a Igreja poder\u00e1 traduzir suas iniciativas gerenciais pautadas pelos crit\u00e9rios do empreendedorismo e do associativismo. A gest\u00e3o moderna investe nos recursos humanos, t\u00e9cnicos e financeiros. O primeiro investimento \u00e9 na qualifica\u00e7\u00e3o de pessoas. A Igreja poder\u00e1 desempenhar bons programas de inser\u00e7\u00e3o social seguindo os novos par\u00e2metros, priorizando a forma\u00e7\u00e3o dos pastores e dos leigos. O maior patrim\u00f4nio que a humanidade tem \u00e9 a vida dos seres humanos.<\/p>\n<div style=\"text-align: justify\">A Doutrina Social da Igreja orienta-se pela inser\u00e7\u00e3o das pessoas nas realidades sociais, de tal forma que o Evangelho se impregne nas rela\u00e7\u00f5es humanas e sociais, com o objetivo de edificar uma sociedade justa, fraterna e solid\u00e1ria.<\/div>\n","protected":false},"excerpt":{"rendered":"<p>Quando as pessoas procuram a Igreja tudo o que esperam encontrar num pastor \u00e9 Deus e o seu amor. Esse \u00e9 o servi\u00e7o evangelizador primordial dos pastores. Vinculada \u00e0 forma\u00e7\u00e3o espec\u00edfica dos pastores encontra-se a dimens\u00e3o administrativa, econ\u00f4mica e patrimonial da Igreja, porquanto se incumbem da ger\u00eancia dos bens materiais que o povo de Deus &hellip;<\/p>\n<p class=\"read-more\"> <a class=\"\" href=\"https:\/\/www.cnbb.org.br\/missao-e-gestao\/\"> <span class=\"screen-reader-text\">Miss\u00e3o e gest\u00e3o<\/span> Leia mais &raquo;<\/a><\/p>\n","protected":false},"author":83,"featured_media":0,"comment_status":"open","ping_status":"open","sticky":false,"template":"","format":"standard","meta":{"site-sidebar-layout":"default","site-content-layout":"default","ast-global-header-display":"","ast-banner-title-visibility":"","ast-main-header-display":"","ast-hfb-above-header-display":"","ast-hfb-below-header-display":"","ast-hfb-mobile-header-display":"","site-post-title":"","ast-breadcrumbs-content":"","ast-featured-img":"","footer-sml-layout":"","theme-transparent-header-meta":"","adv-header-id-meta":"","stick-header-meta":"","header-above-stick-meta":"","header-main-stick-meta":"","header-below-stick-meta":""},"categories":[770,769],"tags":[],"acf":[],"_links":{"self":[{"href":"https:\/\/www.cnbb.org.br\/cnbb-app\/wp\/v2\/posts\/22752"}],"collection":[{"href":"https:\/\/www.cnbb.org.br\/cnbb-app\/wp\/v2\/posts"}],"about":[{"href":"https:\/\/www.cnbb.org.br\/cnbb-app\/wp\/v2\/types\/post"}],"author":[{"embeddable":true,"href":"https:\/\/www.cnbb.org.br\/cnbb-app\/wp\/v2\/users\/83"}],"replies":[{"embeddable":true,"href":"https:\/\/www.cnbb.org.br\/cnbb-app\/wp\/v2\/comments?post=22752"}],"version-history":[{"count":0,"href":"https:\/\/www.cnbb.org.br\/cnbb-app\/wp\/v2\/posts\/22752\/revisions"}],"wp:attachment":[{"href":"https:\/\/www.cnbb.org.br\/cnbb-app\/wp\/v2\/media?parent=22752"}],"wp:term":[{"taxonomy":"category","embeddable":true,"href":"https:\/\/www.cnbb.org.br\/cnbb-app\/wp\/v2\/categories?post=22752"},{"taxonomy":"post_tag","embeddable":true,"href":"https:\/\/www.cnbb.org.br\/cnbb-app\/wp\/v2\/tags?post=22752"}],"curies":[{"name":"wp","href":"https:\/\/api.w.org\/{rel}","templated":true}]}}