{"id":22757,"date":"2010-03-02T00:00:00","date_gmt":"2010-03-02T03:00:00","guid":{"rendered":"https:\/\/www.cnbb.org.br\/diocese-de-salgueiro-deve-ser-criada-ainda-este-ano-afirma-bispo-de-petrolina\/"},"modified":"2010-03-02T00:00:00","modified_gmt":"2010-03-02T03:00:00","slug":"diocese-de-salgueiro-deve-ser-criada-ainda-este-ano-afirma-bispo-de-petrolina","status":"publish","type":"post","link":"https:\/\/www.cnbb.org.br\/diocese-de-salgueiro-deve-ser-criada-ainda-este-ano-afirma-bispo-de-petrolina\/","title":{"rendered":"\u201cDiocese de Salgueiro deve ser criada ainda este ano\u201d, afirma bispo de Petrolina"},"content":{"rendered":"<p style=\"text-align: justify\">Na \u00faltima semana de fevereiro, ap\u00f3s encontro com o N\u00fancio Apost\u00f3lico no Brasil, dom Lorenzo Baldisseri, o bispo de Petrolina (PE), dom Paulo Cardoso da Silva, enviou carta aos padres e aos fi\u00e9is da diocese comunicando a possibilidade de, ainda este ano, ser criada a diocese de Salgueiro (PE).<\/p>\n<p><!--more--><\/p>\n<p style=\"text-align: justify\">A cria\u00e7\u00e3o da nova diocese \u00e9 um antigo sonho dos bispos que governaram a diocese de Petrolina e o pedido de cria\u00e7\u00e3o foi feito ainda no governo do bispo anterior, dom Gerardo Andrade Ponte, ganhando redobrada aten\u00e7\u00e3o do atual bispo.<\/p>\n<p style=\"text-align: justify\">A nova diocese ter\u00e1 como sede a cidade de Salgueiro e ser\u00e1 composta pelos munic\u00edpios de Salgueiro, Verdejante, Cedro, Serrita, Terra Nova, Parnamirim, Granito, Moreil\u00e2ndia, Exu, Bodoc\u00f3, Ouricuri, Trindade, Ipubi, Araripina e Cabrob\u00f3.<\/p>\n<p style=\"text-align: justify\">Para a escolha de Salgueiro como sede diocesana foram considerados aspectos que facilitam a comunica\u00e7\u00e3o entre as regi\u00f5es diocesanas e outras regi\u00f5es importantes do estado de Pernambuco, a posi\u00e7\u00e3o econ\u00f4mica na regi\u00e3o, etc. Dom Paulo aproveitou a carta, para solicitar o empenho dos diocesanos, principalmente dos que compor\u00e3o a nova diocese, no sentido de formar o patrim\u00f4nio material para a nova diocese bem como, na forma\u00e7\u00e3o da mentalidade de Igreja, de Povo de Deus (Cultura de diocese).<\/p>\n<p style=\"text-align: justify\">Leia a \u00edntegra da carta abaixo:<\/p>\n<p style=\"text-align: justify\"><em>Aos padres e ao povo de Deus das \u00e1reas pastorais do Sert\u00e3o Central e do Araripe.<\/em><\/p>\n<h4 style=\"text-align: justify\">\u201cA nova diocese: Salgueiro\u201d<\/h4>\n<p style=\"text-align: justify\">Com imensa alegria, lhes comunico que, segundo informa\u00e7\u00e3o da Nunciatura Apost\u00f3lica, o Santo Padre vai criar, em \u00e1rea a ser desmembrada de nossa atual Diocese de Petrolina, a t\u00e3o sonhada nova Diocese, que ter\u00e1 como sede a cidade de Salgueiro. O Processo est\u00e1 pronto e j\u00e1 se encontra na Congrega\u00e7\u00e3o dos Bispos, em Roma. Depois do parecer do Conselho de Cardeais, chegar\u00e1 finalmente \u00e0s m\u00e3os do Santo Padre, o qual o aprovar\u00e1, nomeando ao mesmo tempo o novo \u201cBispo da Diocese de Salgueiro\u201d. A grande esperan\u00e7a \u00e9 que, dependendo apenas de uma tramita\u00e7\u00e3o mais r\u00e1pida na Congrega\u00e7\u00e3o, o auspicioso fato aconte\u00e7a no corrente ano, com probabilidade de que seja j\u00e1 no primeiro semestre! Depois de nomeado, o novo bispo ter\u00e1 um prazo de tr\u00eas meses para sua Sagra\u00e7\u00e3o, mais um m\u00eas at\u00e9 \u00e0 posse. Portanto, o grande an\u00fancio ser\u00e1 feito simultaneamente: a cria\u00e7\u00e3o da Diocese e a nomea\u00e7\u00e3o do seu primeiro Bispo!<\/p>\n<p style=\"text-align: justify\">Conforme o define o C\u00f3digo de Direito Can\u00f4nico, \u201ca diocese \u00e9 uma por\u00e7\u00e3o do povo de Deus confiada ao pastoreio do Bispo com a coopera\u00e7\u00e3o do presbit\u00e9rio, de modo tal que, unindo-se ela a seu pastor e, pelo Evangelho e pela Eucaristia, reunida por ele no Esp\u00edrito Santo, constitua uma Igreja particular, na qual est\u00e1 verdadeiramente presente e operante a Igreja de Cristo una, santa, cat\u00f3lica e apost\u00f3lica\u201d (c\u00e2n. 369).<\/p>\n<p style=\"text-align: justify\">A nova diocese ter\u00e1 a seguinte \u00e1rea de abrang\u00eancia: Salgueiro, Verdejante, Cedro, Serrita, Terra Nova, Parnamirim, Granito, Moreil\u00e2ndia, Exu, Bodoc\u00f3, Ouricuri, Trindade, Ipubi e Araripina. Ser-lhe-\u00e1 anexado tamb\u00e9m o munic\u00edpio de Cabrob\u00f3. Por sua vez, o munic\u00edpio de Oroc\u00f3 voltar\u00e1 a pertencer \u00e0 Diocese-m\u00e3e de Petrolina, como j\u00e1 o foi no passado.<\/p>\n<p style=\"text-align: justify\">Em termos de \u00e1rea geogr\u00e1fica, as duas dioceses ser\u00e3o mais ou menos equivalentes, com cerca de 16 mil quil\u00f4metros cada. Em termos de Par\u00f3quias, sobretudo pelo fato de o munic\u00edpio de Petrolina contar com popula\u00e7\u00e3o estimada de 250 mil habitantes, as Par\u00f3quias da \u201cdiocese-m\u00e3e\u201d ser\u00e3o um pouco mais numerosas.<\/p>\n<p style=\"text-align: justify\">No processo inicial, figuravam tamb\u00e9m os nomes de Ouricuri e de Araripina, como poss\u00edveis sedes. No entanto, a defini\u00e7\u00e3o da Nunciatura foi por Salgueiro. Sobretudo pelos seguintes motivos. Salgueiro goza no momento de uma situa\u00e7\u00e3o geogr\u00e1fica privilegiada, pois est\u00e1 localizado na conflu\u00eancia do eixo central da ferrovi\u00e1ria Transnordestina e do canal de transposi\u00e7\u00e3o do S\u00e3o Francisco, ambos em fase adiantada de constru\u00e7\u00e3o. Percebe-se j\u00e1 um forte impacto na \u00e1rea, inclusive com o surgimento de novos aglomerados humanos e um significativo aumento da popula\u00e7\u00e3o. O munic\u00edpio de Salgueiro \u00e9 passagem da importante rodovia que liga o Cear\u00e1 ao Centro-Sul do Pa\u00eds. Tendo sido conclu\u00edda a nova ponte sobre o Rio S\u00e3o Francisco, na localidade denominada Ib\u00f3, a qual liga Pernambuco \u00e0 Bahia, percebe-se j\u00e1 como se intensificou o movimento de caminh\u00f5es e transportadoras na regi\u00e3o. A cidade disp\u00f5e, al\u00e9m disso, de v\u00e1rias institui\u00e7\u00f5es e \u00f3rg\u00e3os p\u00fablicos e privados para os mais variados servi\u00e7os.<\/p>\n<p style=\"text-align: justify\">Por recomenda\u00e7\u00e3o do N\u00fancio Apost\u00f3lico, que inclusive j\u00e1 manifestou sua inten\u00e7\u00e3o de estar presente quando da instala\u00e7\u00e3o da nova Diocese, provid\u00eancias concretas e imediatas devem ser tomadas. Entre elas, uma ampla mobiliza\u00e7\u00e3o da popula\u00e7\u00e3o, a constitui\u00e7\u00e3o do patrim\u00f4nio, a c\u00faria diocesana, a resid\u00eancia do bispo, etc.<\/p>\n<p style=\"text-align: justify\">Com a presente Carta, dirigida de modo especial aos Padres e ao Povo de Deus das \u00c1reas do \u201cSert\u00e3o Central\u201d e do \u201cAraripe\u201d, quero conclamar a todos para que elevemos preces a Deus, a fim de que, com o seu Esp\u00edrito, anime a futura nova diocese, que desejamos seja quanto antes instalada. \u00c9 fundamental que v\u00e1 desde j\u00e1 sendo \u201cconstru\u00edda\u201d uma verdadeira \u201ccultura de diocese\u201d, nas Par\u00f3quias da nova circunscri\u00e7\u00e3o, sobretudo com o empenho dos padres. Que cres\u00e7a em todos, Pastores e fi\u00e9is, a profunda e alegre convic\u00e7\u00e3o: \u201cN\u00f3s somos a nova diocese!\u201d Todos sejam motivados para uma ampla participa\u00e7\u00e3o, acolhendo com alegria e entusiasmo este verdadeiro presente divino que lhes estar\u00e1 sendo concedido: \u201cConstituir\u00e3o a nova \u2018Igreja de Deus\u2019, com sede em Salgueiro, criada e enviada para a Miss\u00e3o de construir a vida plena para todos\u201d.<\/p>\n<p style=\"text-align: justify\">Recomendamos veementemente que sejam dados passos r\u00e1pidos e concretos, pelas duas \u00c1reas Pastorais. \u00c9 urgente a cria\u00e7\u00e3o imediata de uma Comiss\u00e3o Central, a qual, atrav\u00e9s de diversas subcomiss\u00f5es e grupos de trabalho, encaminhar\u00e1 as provid\u00eancias mais urgentes e imediatas. Sobretudo aquelas referentes ao patrim\u00f4nio, c\u00faria diocesana, resid\u00eancia episcopal, al\u00e9m de uma ampla e abrangente divulga\u00e7\u00e3o no meio do povo de Deus.<\/p>\n<p style=\"text-align: justify\">Recomendamos, de modo particular, que haja uma grande colabora\u00e7\u00e3o m\u00fatua entre os Conselhos das duas \u00c1reas Pastorais, com reuni\u00f5es freq\u00fcentes, t\u00e3o necess\u00e1rias para o r\u00e1pido processamento das provid\u00eancias mais urgentes. \u00c9 de se desejar que aconte\u00e7am \u201cAssembl\u00e9ias do Povo de Deus\u201d que est\u00e1 nas duas \u00c1reas, envolvendo conjuntamente sobretudo os membros dos respectivos CPAs, e talvez com altern\u00e2ncia de lugares: Salgueiro, Ouricuri, Araripina&#8230;<\/p>\n<p style=\"text-align: justify\">Uma Diocese pobre, numa regi\u00e3o pobre, dever\u00e1 contar com a participa\u00e7\u00e3o de todas as Par\u00f3quias. Conforme sugest\u00e3o acatada anteriormente e j\u00e1 comunicada \u00e0 Nunciatura, cada uma das Par\u00f3quias que constituir\u00e3o a nova circunscri\u00e7\u00e3o dever\u00e1 disponibilizar algum bem im\u00f3vel (casa ou terreno) para integrarem o patrim\u00f4nio da mesma. Temos not\u00edcias de que diversos propriet\u00e1rios da cidade de Salgueiro tamb\u00e9m se disp\u00f5em a ofertar terrenos para outras necessidades da nova diocese, particularmente para a resid\u00eancia do Bispo, c\u00faria e itens para constitui\u00e7\u00e3o do patrim\u00f4nio.<\/p>\n<p style=\"text-align: justify\">Estamos convictos de que esta not\u00edcia ser\u00e1 acatada por todos com grande entusiasmo e alegria. Com a redu\u00e7\u00e3o da \u00e1rea geogr\u00e1fica \u2013 as dist\u00e2ncias ficar\u00e3o reduzidas pela metade \u2013 o bispo com o seu presbit\u00e9rio ter\u00e1 muito melhores condi\u00e7\u00f5es de presen\u00e7a pastoral e atendimento. Acima de tudo, est\u00e1 em jogo a causa da Evangeliza\u00e7\u00e3o e da Miss\u00e3o \u2013 raz\u00e3o de ser da Igreja!<\/p>\n<p style=\"text-align: justify\">Recomendamos, mais uma vez, a nova Diocese \u00e0s ora\u00e7\u00f5es de todos, enquanto pedimos, de maneira especial aos Sacerdotes, um grande empenho e motiva\u00e7\u00e3o.<\/p>\n<p style=\"text-align: justify\">\u00c9 evidente que, entre a \u201cDiocese-m\u00e3e\u201d e a \u201cfilha\u201d que vai nascer, continuar\u00e3o os la\u00e7os afetivos e um grande esp\u00edrito de colabora\u00e7\u00e3o e participa\u00e7\u00e3o, particularmente no tocante \u00e0 causa da forma\u00e7\u00e3o dos seminaristas.<\/p>\n<p style=\"text-align: justify\">Sa\u00fado a todos fraternalmente, com os melhores aug\u00farios de aben\u00e7oada Quaresma e de Feliz P\u00e1scoa!<\/p>\n<p style=\"text-align: center\"><strong>+ Frei Paulo Cardoso &#8211; Bispo diocesano<\/strong><\/p>\n","protected":false},"excerpt":{"rendered":"<p>Na \u00faltima semana de fevereiro, ap\u00f3s encontro com o N\u00fancio Apost\u00f3lico no Brasil, dom Lorenzo Baldisseri, o bispo de Petrolina (PE), dom Paulo Cardoso da Silva, enviou carta aos padres e aos fi\u00e9is da diocese comunicando a possibilidade de, ainda este ano, ser criada a diocese de Salgueiro (PE).<\/p>\n","protected":false},"author":83,"featured_media":22758,"comment_status":"open","ping_status":"open","sticky":false,"template":"","format":"standard","meta":{"site-sidebar-layout":"default","site-content-layout":"default","ast-global-header-display":"","ast-banner-title-visibility":"","ast-main-header-display":"","ast-hfb-above-header-display":"","ast-hfb-below-header-display":"","ast-hfb-mobile-header-display":"","site-post-title":"","ast-breadcrumbs-content":"","ast-featured-img":"","footer-sml-layout":"","theme-transparent-header-meta":"","adv-header-id-meta":"","stick-header-meta":"","header-above-stick-meta":"","header-main-stick-meta":"","header-below-stick-meta":""},"categories":[770,769],"tags":[],"acf":[],"_links":{"self":[{"href":"https:\/\/www.cnbb.org.br\/cnbb-app\/wp\/v2\/posts\/22757"}],"collection":[{"href":"https:\/\/www.cnbb.org.br\/cnbb-app\/wp\/v2\/posts"}],"about":[{"href":"https:\/\/www.cnbb.org.br\/cnbb-app\/wp\/v2\/types\/post"}],"author":[{"embeddable":true,"href":"https:\/\/www.cnbb.org.br\/cnbb-app\/wp\/v2\/users\/83"}],"replies":[{"embeddable":true,"href":"https:\/\/www.cnbb.org.br\/cnbb-app\/wp\/v2\/comments?post=22757"}],"version-history":[{"count":0,"href":"https:\/\/www.cnbb.org.br\/cnbb-app\/wp\/v2\/posts\/22757\/revisions"}],"wp:featuredmedia":[{"embeddable":true,"href":"https:\/\/www.cnbb.org.br\/cnbb-app\/wp\/v2\/media\/22758"}],"wp:attachment":[{"href":"https:\/\/www.cnbb.org.br\/cnbb-app\/wp\/v2\/media?parent=22757"}],"wp:term":[{"taxonomy":"category","embeddable":true,"href":"https:\/\/www.cnbb.org.br\/cnbb-app\/wp\/v2\/categories?post=22757"},{"taxonomy":"post_tag","embeddable":true,"href":"https:\/\/www.cnbb.org.br\/cnbb-app\/wp\/v2\/tags?post=22757"}],"curies":[{"name":"wp","href":"https:\/\/api.w.org\/{rel}","templated":true}]}}