{"id":22781,"date":"2010-05-21T00:00:00","date_gmt":"2010-05-21T03:00:00","guid":{"rendered":"https:\/\/www.cnbb.org.br\/diocese-de-campina-grande-celebra-44o-dia-mundial-das-comunicacoes-sociais\/"},"modified":"2010-05-21T00:00:00","modified_gmt":"2010-05-21T03:00:00","slug":"diocese-de-campina-grande-celebra-44o-dia-mundial-das-comunicacoes-sociais","status":"publish","type":"post","link":"https:\/\/www.cnbb.org.br\/diocese-de-campina-grande-celebra-44o-dia-mundial-das-comunicacoes-sociais\/","title":{"rendered":"Diocese de Campina Grande celebra 44\u00ba Dia Mundial das Comunica\u00e7\u00f5es Sociais"},"content":{"rendered":"<p style=\"text-align: justify\">A Diocese de Campina Grande (PB) celebra neste domingo, dia 23, o 44\u00ba Dia Mundial das Comunica\u00e7\u00f5es Sociais, no sal\u00e3o da par\u00f3quia da Catedral. Este ano, a comemora\u00e7\u00e3o traz o tema &#8220;O padre e a pastoral no mundo digital: novos meios de comunica\u00e7\u00e3o a servi\u00e7o da palavra&#8221;.<\/p>\n<p><!--more--><\/p>\n<p style=\"text-align: justify\">Para o evento s\u00e3o convidados os comunicadores que trabalhem nos ve\u00edculos de comunica\u00e7\u00e3o instalados no territ\u00f3rio diocesano, bem como os agentes da Pastoral da Comunica\u00e7\u00e3o nas par\u00f3quias.<\/p>\n<p style=\"text-align: justify\">A programa\u00e7\u00e3o come\u00e7ar\u00e1 a partir das 8h30 com a acolhida dos participantes, seguida por um momento de ora\u00e7\u00e3o presidido pelo bispo diocesano de Campina Grande, dom Jaime Vieira Rocha. Logo ap\u00f3s ser\u00e3o apresentadas reflex\u00f5es sobre a Carta do papa Bento XVI para o Dia Mundial das Comunica\u00e7\u00f5es Sociais e o lan\u00e7amento do 1\u00ba Mutir\u00e3o diocesano de Comunica\u00e7\u00e3o que acontecer\u00e1 de 4 a 6 de junho.<\/p>\n<p style=\"text-align: justify\">A programa\u00e7\u00e3o ser\u00e1 encerrada com uma missa em A\u00e7\u00e3o de Gra\u00e7as, presidida por dom Jaime, a partir das 10h, na Catedral.<\/p>\n<p style=\"text-align: justify\">A Igreja no mundo celebrou o 44\u00ba Dia Mundial das Comunica\u00e7\u00f5es Sociais no dia 16 de maio, por\u00e9m, em decorr\u00eancia do Congresso Eucar\u00edstico Nacional, o bispo diocesano esteve nesta data em Bras\u00edlia (DF), em raz\u00e3o da 48\u00aa Assembleia Geral da CNBB e do 16\u00ba Congresso Eucar\u00edstico Nacional (CEN); portanto, as comemora\u00e7\u00f5es foram adiadas para o dia 23 em virtude de contar com a presen\u00e7a de dom Jaime.<\/p>\n","protected":false},"excerpt":{"rendered":"<p>A Diocese de Campina Grande (PB) celebra neste domingo, dia 23, o 44\u00ba Dia Mundial das Comunica\u00e7\u00f5es Sociais, no sal\u00e3o da par\u00f3quia da Catedral. Este ano, a comemora\u00e7\u00e3o traz o tema &#8220;O padre e a pastoral no mundo digital: novos meios de comunica\u00e7\u00e3o a servi\u00e7o da palavra&#8221;.<\/p>\n","protected":false},"author":83,"featured_media":11390,"comment_status":"open","ping_status":"open","sticky":false,"template":"","format":"standard","meta":{"site-sidebar-layout":"default","site-content-layout":"default","ast-global-header-display":"","ast-banner-title-visibility":"","ast-main-header-display":"","ast-hfb-above-header-display":"","ast-hfb-below-header-display":"","ast-hfb-mobile-header-display":"","site-post-title":"","ast-breadcrumbs-content":"","ast-featured-img":"","footer-sml-layout":"","theme-transparent-header-meta":"","adv-header-id-meta":"","stick-header-meta":"","header-above-stick-meta":"","header-main-stick-meta":"","header-below-stick-meta":""},"categories":[770,769],"tags":[],"acf":[],"_links":{"self":[{"href":"https:\/\/www.cnbb.org.br\/cnbb-app\/wp\/v2\/posts\/22781"}],"collection":[{"href":"https:\/\/www.cnbb.org.br\/cnbb-app\/wp\/v2\/posts"}],"about":[{"href":"https:\/\/www.cnbb.org.br\/cnbb-app\/wp\/v2\/types\/post"}],"author":[{"embeddable":true,"href":"https:\/\/www.cnbb.org.br\/cnbb-app\/wp\/v2\/users\/83"}],"replies":[{"embeddable":true,"href":"https:\/\/www.cnbb.org.br\/cnbb-app\/wp\/v2\/comments?post=22781"}],"version-history":[{"count":0,"href":"https:\/\/www.cnbb.org.br\/cnbb-app\/wp\/v2\/posts\/22781\/revisions"}],"wp:featuredmedia":[{"embeddable":true,"href":"https:\/\/www.cnbb.org.br\/cnbb-app\/wp\/v2\/media\/11390"}],"wp:attachment":[{"href":"https:\/\/www.cnbb.org.br\/cnbb-app\/wp\/v2\/media?parent=22781"}],"wp:term":[{"taxonomy":"category","embeddable":true,"href":"https:\/\/www.cnbb.org.br\/cnbb-app\/wp\/v2\/categories?post=22781"},{"taxonomy":"post_tag","embeddable":true,"href":"https:\/\/www.cnbb.org.br\/cnbb-app\/wp\/v2\/tags?post=22781"}],"curies":[{"name":"wp","href":"https:\/\/api.w.org\/{rel}","templated":true}]}}