{"id":22784,"date":"2010-06-02T00:00:00","date_gmt":"2010-06-02T03:00:00","guid":{"rendered":"https:\/\/www.cnbb.org.br\/arquidiocese-de-olinda-e-recife-entra-na-luta-para-combater-a-dengue-no-estado\/"},"modified":"2010-06-02T00:00:00","modified_gmt":"2010-06-02T03:00:00","slug":"arquidiocese-de-olinda-e-recife-entra-na-luta-para-combater-a-dengue-no-estado","status":"publish","type":"post","link":"https:\/\/www.cnbb.org.br\/arquidiocese-de-olinda-e-recife-entra-na-luta-para-combater-a-dengue-no-estado\/","title":{"rendered":"Arquidiocese de Olinda e Recife entra na luta para combater a dengue no estado"},"content":{"rendered":"<p style=\"text-align: justify\">A Igreja e a Secretaria de Sa\u00fade do Recife ser\u00e3o novamente parceiras na luta contra a dengue em Pernambuco. Na manh\u00e3 de ontem, 1\u00ba, representantes do \u00f3rg\u00e3o se reuniram com o arcebispo de Olinda e Recife, dom Fernando Saburido, para discutir poss\u00edveis estrat\u00e9gias para a campanha, que come\u00e7a este m\u00eas e termina em agosto, com o fim do per\u00edodo chuvoso.<\/p>\n<p><!--more--><\/p>\n<p style=\"text-align: justify\">Inicialmente, a Igreja deve atuar da mesma forma que fez no ano passado, quando houve a primeira parceria com a prefeitura. Isso significa que os cerca de 200 padres cat\u00f3licos do Recife e de Olinda passariam a alertar para a doen\u00e7a sempre ao final de cada missa, al\u00e9m de distribuir material informativo na forma de cartazes e panfletos. \u201cSempre estaremos prontos para ajudar no que for poss\u00edvel, principalmente este ano, que o inverno est\u00e1 t\u00e3o inst\u00e1vel\u201d, afirmou dom Saburido.<\/p>\n<p style=\"text-align: justify\">Para 2010, al\u00e9m do combate ao mosquito, a parceria tamb\u00e9m dever\u00e1 focar na import\u00e2ncia da hidrata\u00e7\u00e3o oral. Segundo a diretora de Vigil\u00e2ncia \u00e0 Sa\u00fade do Recife, Ade\u00edlza Nunes, aumentou o n\u00famero de casos de dengue com complica\u00e7\u00f5es. \u201cPara evitar isso, nos recomendamos que o doente beba, pelo menos, quatro litros de \u00e1gua por dia. Dessa forma, segundo os especialistas, dificilmente haver\u00e1 problemas que levem a uma interna\u00e7\u00e3o\u201d, explica.<\/p>\n<p style=\"text-align: justify\">A arquidiocese e a secretaria v\u00e3o esperar os encontros com os religiosos e movimentos leigos, como pastorais e outras organiza\u00e7\u00f5es ligadas \u00e0 Igreja, que devem acontecer nos pr\u00f3ximos dias para come\u00e7ar a agir. \u201cQueremos combinar com eles se ser\u00e1 realmente essa a estrat\u00e9gia que adotaremos\u201d, defende o arcebispo. O encontro com os padres est\u00e1 marcado para o dia 15 de junho. J\u00e1 a reuni\u00e3o com os representantes de movimentos leigos ainda n\u00e3o tem uma data estabelecida, mas deve acontecer durante a pr\u00f3xima semana. \u201cA campanha deve come\u00e7ar no dia seguinte ao encontro\u201d, destacou dom Fernando Saburido.<\/p>\n<p style=\"text-align: justify\">Este ano, Pernambuco teve um aumento de 197,9% no n\u00famero de casos de dengue. A quantidade de pessoas com a forma hemorr\u00e1gica da doen\u00e7a cresceu 12 vezes, com 96 suspeitas e 12 casos confirmados.<\/p>\n<p style=\"text-align: justify\">At\u00e9 agora, apenas uma pessoa morreu, em abril, por causa de complica\u00e7\u00f5es. A secretaria de sa\u00fade alerta que pessoas com tontura, v\u00f4mito, dor abdominal e sangramento devem procurar imediatamente um hospital.<\/p>\n","protected":false},"excerpt":{"rendered":"<p>A Igreja e a Secretaria de Sa\u00fade do Recife ser\u00e3o novamente parceiras na luta contra a dengue em Pernambuco. Na manh\u00e3 de ontem, 1\u00ba, representantes do \u00f3rg\u00e3o se reuniram com o arcebispo de Olinda e Recife, dom Fernando Saburido, para discutir poss\u00edveis estrat\u00e9gias para a campanha, que come\u00e7a este m\u00eas e termina em agosto, com &hellip;<\/p>\n<p class=\"read-more\"> <a class=\"\" href=\"https:\/\/www.cnbb.org.br\/arquidiocese-de-olinda-e-recife-entra-na-luta-para-combater-a-dengue-no-estado\/\"> <span class=\"screen-reader-text\">Arquidiocese de Olinda e Recife entra na luta para combater a dengue no estado<\/span> Leia mais &raquo;<\/a><\/p>\n","protected":false},"author":83,"featured_media":22785,"comment_status":"open","ping_status":"open","sticky":false,"template":"","format":"standard","meta":{"site-sidebar-layout":"default","site-content-layout":"default","ast-global-header-display":"","ast-banner-title-visibility":"","ast-main-header-display":"","ast-hfb-above-header-display":"","ast-hfb-below-header-display":"","ast-hfb-mobile-header-display":"","site-post-title":"","ast-breadcrumbs-content":"","ast-featured-img":"","footer-sml-layout":"","theme-transparent-header-meta":"","adv-header-id-meta":"","stick-header-meta":"","header-above-stick-meta":"","header-main-stick-meta":"","header-below-stick-meta":""},"categories":[770,769],"tags":[],"acf":[],"_links":{"self":[{"href":"https:\/\/www.cnbb.org.br\/cnbb-app\/wp\/v2\/posts\/22784"}],"collection":[{"href":"https:\/\/www.cnbb.org.br\/cnbb-app\/wp\/v2\/posts"}],"about":[{"href":"https:\/\/www.cnbb.org.br\/cnbb-app\/wp\/v2\/types\/post"}],"author":[{"embeddable":true,"href":"https:\/\/www.cnbb.org.br\/cnbb-app\/wp\/v2\/users\/83"}],"replies":[{"embeddable":true,"href":"https:\/\/www.cnbb.org.br\/cnbb-app\/wp\/v2\/comments?post=22784"}],"version-history":[{"count":0,"href":"https:\/\/www.cnbb.org.br\/cnbb-app\/wp\/v2\/posts\/22784\/revisions"}],"wp:featuredmedia":[{"embeddable":true,"href":"https:\/\/www.cnbb.org.br\/cnbb-app\/wp\/v2\/media\/22785"}],"wp:attachment":[{"href":"https:\/\/www.cnbb.org.br\/cnbb-app\/wp\/v2\/media?parent=22784"}],"wp:term":[{"taxonomy":"category","embeddable":true,"href":"https:\/\/www.cnbb.org.br\/cnbb-app\/wp\/v2\/categories?post=22784"},{"taxonomy":"post_tag","embeddable":true,"href":"https:\/\/www.cnbb.org.br\/cnbb-app\/wp\/v2\/tags?post=22784"}],"curies":[{"name":"wp","href":"https:\/\/api.w.org\/{rel}","templated":true}]}}