{"id":22788,"date":"2009-11-18T00:00:00","date_gmt":"2009-11-18T02:00:00","guid":{"rendered":"https:\/\/www.cnbb.org.br\/palavra-do-papa-ao-nordeste-2\/"},"modified":"2009-11-18T00:00:00","modified_gmt":"2009-11-18T02:00:00","slug":"palavra-do-papa-ao-nordeste-2","status":"publish","type":"post","link":"https:\/\/www.cnbb.org.br\/palavra-do-papa-ao-nordeste-2\/","title":{"rendered":"Palavra do Papa ao Nordeste 2"},"content":{"rendered":"<div style=\"text-align: justify\">Ao receber os Bispos do Nordeste 2 da CNBB em audi\u00eancia coletiva, no dia 18 de setembro passado, com a clareza de sua vis\u00e3o e a lucidez de suas id\u00e9ias, o Papa Bento XVI dirigiu-lhe sua palavra de Pastor.\u00a0 \u201cVenerados Irm\u00e3os no Episcopado.<\/div>\n<p><!--more--><\/p>\n<div style=\"text-align: justify\"><\/div>\n<p style=\"text-align: justify\">Como o ap\u00f3stolo Paulo nos prim\u00f3rdios da Igreja, viestes, amados Pastores das prov\u00edncias eclesi\u00e1sticas de Olinda e Recife, Para\u00edba, Macei\u00f3 e Natal, visitar Pedro (cf. Gal 1, 18). Acolho e sa\u00fado com afeto cada um de v\u00f3s, a come\u00e7ar por Dom Ant\u00f4nio, Arcebispo de Macei\u00f3, a quem agrade\u00e7o os sentimentos que manifestou em nome de todos fazendo-se int\u00e9rprete tamb\u00e9m das alegrias, dificuldades e esperan\u00e7as do povo de Deus peregrino no Regional Nordeste 2 [dois]. Na pessoa de cada um de v\u00f3s, abra\u00e7o os presb\u00edteros e os fi\u00e9is das vossas comunidades diocesanas.<\/p>\n<p style=\"text-align: justify\">Nos seus fi\u00e9is e nos seus ministros, a Igreja \u00e9 sobre a Terra a comunidade sacerdotal organicamente estruturada como Corpo de Cristo, para desempenhar eficazmente, unida \u00e0 sua Cabe\u00e7a, a sua miss\u00e3o hist\u00f3rica de salva\u00e7\u00e3o. Assim no-lo ensina S\u00e3o Paulo: \u00abV\u00f3s sois Corpo de Cristo e seus membros, cada um na parte que lhe toca\u00bb (1 Cor 12, 27). Com efeito, os membros n\u00e3o t\u00eam todos a mesma fun\u00e7\u00e3o: \u00e9 isto que constitui a beleza e a vida do corpo (cf. 1 Cor 12, 14-17). \u00c9 na diversidade essencial entre sacerd\u00f3cio ministerial e sacerd\u00f3cio comum que se entende a identidade espec\u00edfica dos fi\u00e9is ordenados e leigos. Por essa raz\u00e3o \u00e9 necess\u00e1rio evitar a seculariza\u00e7\u00e3o dos sacerdotes e a clericaliza\u00e7\u00e3o dos leigos. Nessa perspectiva, portanto, os fi\u00e9is leigos devem empenhar-se em exprimir na realidade, inclusive atrav\u00e9s do empenho pol\u00edtico, a vis\u00e3o antropol\u00f3gica crist\u00e3 e a doutrina social da Igreja. Diversamente, os sacerdotes devem permanecer afastados de um engajamento pessoal na pol\u00edtica, a fim de favorecerem a unidade e a comunh\u00e3o de todos os fi\u00e9is e assim poderem ser uma refer\u00eancia para todos. \u00c9 importante fazer crescer esta consci\u00eancia nos sacerdotes, religiosos e fi\u00e9is leigos, encorajando e vigiando para que cada um possa sentir-se motivado a agir segundo o seu pr\u00f3prio estado. O aprofundamento harm\u00f4nico, correto e claro da rela\u00e7\u00e3o entre sacerd\u00f3cio comum e ministerial constitui atualmente um dos pontos mais delicados do ser e da vida da Igreja. \u00c9 que o n\u00famero ex\u00edguo de presb\u00edteros poderia levar as comunidades a resignarem-se a esta car\u00eancia, talvez consolando-se com o fato de a mesma evidenciar melhor o papel dos fi\u00e9is leigos. Mas, n\u00e3o \u00e9 a falta de presb\u00edteros que justifica uma participa\u00e7\u00e3o mais ativa e numerosa dos leigos. Na realidade, quanto mais os fi\u00e9is se tornam conscientes das suas responsabilidades na Igreja, tanto mais sobressaem a identidade espec\u00edfica e o papel insubstitu\u00edvel do sacerdote como pastor do conjunto da comunidade, como testemunha da autenticidade da f\u00e9 e dispensador, em nome de Cristo-Cabe\u00e7a, dos mist\u00e9rios da salva\u00e7\u00e3o. Sabemos que \u00aba miss\u00e3o de salva\u00e7\u00e3o, confiada pelo Pai a seu Filho encarnado, \u00e9 confiada aos Ap\u00f3stolos e, por eles, aos seus sucessores; eles recebem o Esp\u00edrito de Jesus para agirem em seu nome e na sua pessoa. Assim, o ministro ordenado \u00e9 o la\u00e7o sacramental que une a a\u00e7\u00e3o lit\u00fargica \u00e0quilo que disseram e fizeram os Ap\u00f3stolos e, por eles, ao que disse e fez o pr\u00f3prio Cristo, fonte e fundamento dos sacramentos\u00bb (Catecismo da Igreja Cat\u00f3lica, n. 1120). Por isso, a fun\u00e7\u00e3o do presb\u00edtero \u00e9 essencial e insubstitu\u00edvel para o an\u00fancio da Palavra e a celebra\u00e7\u00e3o dos Sacramentos, sobretudo da Eucaristia, memorial do Sacrif\u00edcio supremo de Cristo, que d\u00e1 o seu Corpo e o seu Sangue. Por isso urge pedir ao Senhor que envie oper\u00e1rios \u00e0 sua Messe; al\u00e9m disso, \u00e9 preciso que os sacerdotes manifestem a alegria da fidelidade \u00e0 pr\u00f3pria identidade com o entusiasmo da miss\u00e3o.<\/p>\n<p style=\"text-align: justify\">Amados Irm\u00e3os, tenho a certeza de que, na vossa solicitude pastoral e na vossa prud\u00eancia, procurais com particular aten\u00e7\u00e3o assegurar \u00e0s comunidades das vossas dioceses a presen\u00e7a de um ministro ordenado. Na situa\u00e7\u00e3o atual em que muitos de v\u00f3s sois obrigados a organizar a vida eclesial com poucos presb\u00edteros, \u00e9 importante evitar que uma tal situa\u00e7\u00e3o seja considerada normal ou t\u00edpica do futuro. Como lembrei ao primeiro grupo de Bispos brasileiros na semana passada, deveis concentrar esfor\u00e7os para despertar novas voca\u00e7\u00f5es sacerdotais e encontrar os pastores indispens\u00e1veis \u00e0s vossas dioceses, ajudando-vos mutuamente para que todos disponham de presb\u00edteros melhor formados e mais numerosos para sustentar a vida de f\u00e9 e a miss\u00e3o apost\u00f3lica dos fi\u00e9is.<\/p>\n<p style=\"text-align: justify\">Por outro lado, tamb\u00e9m aqueles que receberam as Ordens sacras s\u00e3o chamados a viver com coer\u00eancia e em plenitude a gra\u00e7a e os compromissos do batismo, isto \u00e9, a oferecerem-se a si mesmos e toda sua vida em uni\u00e3o com a obla\u00e7\u00e3o de Cristo. A celebra\u00e7\u00e3o quotidiana do Sacrif\u00edcio do Altar e a ora\u00e7\u00e3o di\u00e1ria da Liturgia das Horas devem ser sempre acompanhadas pelo testemunho de toda exist\u00eancia que se faz dom a Deus e aos outros e torna-se assim orienta\u00e7\u00e3o para os fi\u00e9is.<\/p>\n<p style=\"text-align: justify\">Ao longo dos meses que est\u00e3o decorrendo, a Igreja tem diante dos olhos o exemplo do Santo Cura d\u2019Ars, que convidava os fi\u00e9is a unirem suas vidas ao Sacrif\u00edcio de Cristo e oferecia-se a si mesmo, exclamando: \u00abComo faz bem um padre oferecer-se em sacrif\u00edcio a Deus todas as manh\u00e3s!\u00bb (Le Cur\u00e9 d\u2019Ars. Sa pens\u00e9e \u2013 son c\u0153ur, coord. Bernard Nodet, 1966, p\u00e1g. 104). Ele continua sendo um modelo atual para os vossos presb\u00edteros, expressamente na viv\u00eancia do celibato como exig\u00eancia do dom total de si mesmos, express\u00e3o daquela caridade pastoral que o Conc\u00edlio Vaticano II [segundo] apresenta como centro unificador do ser e do agir sacerdotal. Quase contemporaneamente vivia no vosso amado Brasil, em S\u00e3o Paulo, Frei Ant\u00f4nio de Sant\u2019Anna Galv\u00e3o, que tive a alegria de canonizar a 11 [onze] de maio de 2007 [dois mil e sete]: tamb\u00e9m ele deixou um \u00abtestemunho de fervoroso adorador da Eucaristia (\u2026), [vivendo] em laus perene, em atitude constante de ora\u00e7\u00e3o\u00bb (Homilia na sua canoniza\u00e7\u00e3o, n. 2). Deste modo ambos procuraram imitar Jesus Cristo, fazendo-se cada um deles n\u00e3o s\u00f3 sacerdote, mas tamb\u00e9m v\u00edtima e obla\u00e7\u00e3o como Jesus.<\/p>\n<p style=\"text-align: justify\">Amados Irm\u00e3os no Episcopado, j\u00e1 se manifestam numerosos sinais de esperan\u00e7a para o futuro das vossas Igrejas particulares, um futuro que Deus est\u00e1 preparando atrav\u00e9s do zelo e da fidelidade com que exerceis o vosso minist\u00e9rio episcopal. Quero certificar-vos do meu apoio fraterno ao mesmo tempo que pe\u00e7o as vossas ora\u00e7\u00f5es para que me seja concedido confirmar a todos na f\u00e9 apost\u00f3lica (cf. Lc 22, 32). A bem-aventurada Virgem Maria interceda por todo o povo de Deus no Brasil, para que pastores e fi\u00e9is possam, com coragem e alegria, \u00abanunciar abertamente o mist\u00e9rio do Evangelho\u00bb (cf. Ef 6, 19). Com esta ora\u00e7\u00e3o, concedo a minha B\u00ean\u00e7\u00e3o Apost\u00f3lica a v\u00f3s, aos presb\u00edteros e a todos os fi\u00e9is das vossas dioceses: \u00abA paz esteja com todos v\u00f3s que estais em Cristo\u00bb (1 Ped 5, 14).\u201d<\/p>\n<p style=\"text-align: justify\">No exerc\u00edcio de seu magist\u00e9rio, o Papa abordou assuntos de reconhecida import\u00e2ncia para a vida da Igreja no Regional Nordeste 2, no Brasil e no mundo.<\/p>\n<h4 style=\"text-align: right\">Dom Genival Saraiva de Fran\u00e7a<\/h4>\n","protected":false},"excerpt":{"rendered":"<p>Ao receber os Bispos do Nordeste 2 da CNBB em audi\u00eancia coletiva, no dia 18 de setembro passado, com a clareza de sua vis\u00e3o e a lucidez de suas id\u00e9ias, o Papa Bento XVI dirigiu-lhe sua palavra de Pastor.\u00a0 \u201cVenerados Irm\u00e3os no Episcopado.<\/p>\n","protected":false},"author":83,"featured_media":0,"comment_status":"open","ping_status":"open","sticky":false,"template":"","format":"standard","meta":{"site-sidebar-layout":"default","site-content-layout":"default","ast-global-header-display":"","ast-banner-title-visibility":"","ast-main-header-display":"","ast-hfb-above-header-display":"","ast-hfb-below-header-display":"","ast-hfb-mobile-header-display":"","site-post-title":"","ast-breadcrumbs-content":"","ast-featured-img":"","footer-sml-layout":"","theme-transparent-header-meta":"","adv-header-id-meta":"","stick-header-meta":"","header-above-stick-meta":"","header-main-stick-meta":"","header-below-stick-meta":""},"categories":[770,769],"tags":[],"acf":[],"_links":{"self":[{"href":"https:\/\/www.cnbb.org.br\/cnbb-app\/wp\/v2\/posts\/22788"}],"collection":[{"href":"https:\/\/www.cnbb.org.br\/cnbb-app\/wp\/v2\/posts"}],"about":[{"href":"https:\/\/www.cnbb.org.br\/cnbb-app\/wp\/v2\/types\/post"}],"author":[{"embeddable":true,"href":"https:\/\/www.cnbb.org.br\/cnbb-app\/wp\/v2\/users\/83"}],"replies":[{"embeddable":true,"href":"https:\/\/www.cnbb.org.br\/cnbb-app\/wp\/v2\/comments?post=22788"}],"version-history":[{"count":0,"href":"https:\/\/www.cnbb.org.br\/cnbb-app\/wp\/v2\/posts\/22788\/revisions"}],"wp:attachment":[{"href":"https:\/\/www.cnbb.org.br\/cnbb-app\/wp\/v2\/media?parent=22788"}],"wp:term":[{"taxonomy":"category","embeddable":true,"href":"https:\/\/www.cnbb.org.br\/cnbb-app\/wp\/v2\/categories?post=22788"},{"taxonomy":"post_tag","embeddable":true,"href":"https:\/\/www.cnbb.org.br\/cnbb-app\/wp\/v2\/tags?post=22788"}],"curies":[{"name":"wp","href":"https:\/\/api.w.org\/{rel}","templated":true}]}}