{"id":22789,"date":"2009-11-09T00:00:00","date_gmt":"2009-11-09T02:00:00","guid":{"rendered":"https:\/\/www.cnbb.org.br\/palavra-do-nordeste-2-ao-papa\/"},"modified":"2009-11-09T00:00:00","modified_gmt":"2009-11-09T02:00:00","slug":"palavra-do-nordeste-2-ao-papa","status":"publish","type":"post","link":"https:\/\/www.cnbb.org.br\/palavra-do-nordeste-2-ao-papa\/","title":{"rendered":"Palavra do Nordeste 2 ao Papa"},"content":{"rendered":"<p style=\"text-align: justify\">Os Bispos do Regional Nordeste 2 da CNBB participaram da Visita ad Limina, em Roma, no per\u00edodo de 10 a 18 de setembro passado. Cada um dos Arce\/Bispos das vinte Arqui\/Dioceses, situadas nos Estados de Alagoas, Pernambuco, Para\u00edba e Rio Grande do Norte, foi recebido pelo Papa Bento XVI, em audi\u00eancia privada. O Papa revelou muita sensibilidade e vivo interesse ao ouvir de cada Bispo a revela\u00e7\u00e3o da face da \u201cpor\u00e7\u00e3o do povo de Deus\u201d que lhe est\u00e1 confiada, no tocante \u00e0 sua realidade social, econ\u00f4mica, cultural, religiosa e pastoral. Nesse encontro, ao ter o \u201cmapa mundi\u201d ante seus olhos e nele identificar o lugar de cada Arqui\/Diocese, com sua vida e sua hist\u00f3ria, ficou evidenciado, claramente, que o Papa \u00e9 um pastor sol\u00edcito e n\u00e3o um chefe burocrata. Na verdade, o Papa tem consci\u00eancia da universalidade de seu pastoreio, ao vivenciar a unidade e alimentar a comunh\u00e3o eclesial com os irm\u00e3os Bispos que exercem um minist\u00e9rio de direito divino, em raz\u00e3o da sucess\u00e3o apost\u00f3lica.<\/p>\n<p><!--more--><\/p>\n<p style=\"text-align: justify\">Recebido em audi\u00eancia coletiva, o Episcopado Regional falou ao Santo Padre, atrav\u00e9s do Presidente do Regional, Dom Ant\u00f4nio Muniz Fernandes: \u201cSanto Padre! N\u00f3s, Bispos do Regional Nordeste 2 da CNBB, estamos sempre em comunh\u00e3o com Vossa Santidade, pondo na pr\u00e1tica de nossas Igrejas particulares as diretrizes do Documento da V Confer\u00eancia do Episcopado Latino Americano e do Caribe em Aparecida: sendo uma Igreja Mission\u00e1ria e Samaritana a servi\u00e7o da vida e da Esperan\u00e7a.<\/p>\n<p style=\"text-align: justify\">A Confer\u00eancia Geral do Episcopado Latino-Americano e do Caribe nos desafia para a Miss\u00e3o<\/p>\n<p style=\"text-align: justify\">O ponto de partida de Aparecida \u00e9 a constata\u00e7\u00e3o de uma realidade de mudan\u00e7as profundas que atingem a sociedade. \u00c9 uma mudan\u00e7a de \u00e9poca, na qual o sentido da vida \u00e9 question\u00e1vel em todas as suas dimens\u00f5es. Constata uma realidade que se coloca em direto confronto com os valores do Reino de Vida. A exclus\u00e3o e o abandono de uma multid\u00e3o de pessoas, colocadas \u00e0 margem, ignoradas em sua dor e sofrimento, aniquiladas e negadas em sua condi\u00e7\u00e3o \u00e9 algo gritante que contradiz o projeto de Deus e desafia a Igreja para assumir um compromisso no qual a vida ocupe um lugar de primazia. Jesus anuncia um Reino onde a plenitude da vida \u00e9 valor a ser promovido e defendido. Ele veio para que todos tenham vida e a tenham em abund\u00e2ncia. Quando confrontamos este Reino da vida e da liberdade com as situa\u00e7\u00f5es de desumaniza\u00e7\u00e3o das pessoas, somos levados a perceber o abismo existente e a incompatibilidade gritante entre este Reino e a atual realidade que vivemos. Cada vez mais s\u00e3o gerados novos tipos de pobreza e exclus\u00e3o, e rostos diversos desta realidade que \u00e9 fruto da exclus\u00e3o social v\u00e3o se delineando diante de n\u00f3s. H\u00e1 uma pobreza que leva o ser humano a experimentar n\u00e3o somente a exclus\u00e3o, mas a pr\u00f3pria condi\u00e7\u00e3o de sentir-se sup\u00e9rfluo e descart\u00e1vel em um sistema que eleva o desenvolvimento econ\u00f4mico e o lucro como valores absolutos. Diante desta idolatria, h\u00e1 um clamor que emerge dos por\u00f5es da humanidade e exige uma atitude verdadeiramente prof\u00e9tica por parte dos disc\u00edpulos de Jesus.<\/p>\n<p style=\"text-align: justify\">A Igreja se redescobre Mission\u00e1ria e se coloca em permanente estado de miss\u00e3o<\/p>\n<p style=\"text-align: justify\">Como a Samaritana, a Igreja encontra o Mestre, sentado \u00e0 beira dos po\u00e7os da hist\u00f3ria, oferecendo a \u00e1gua que sacia, gera vida, provoca convers\u00e3o, recupera o vigor e impulsiona para a miss\u00e3o. Convoca a um processo de desinstala\u00e7\u00e3o da rotina e do comodismo da vida; provoca revis\u00e3o das estruturas, m\u00e9todos e meios que n\u00e3o mais respondem \u00e0 transmiss\u00e3o audaz da boa-nova do Evangelho. Como a comunidade de Samaria que recebeu o an\u00fancio e acolhe a verdade transformadora do Evangelho, a Igreja deseja que cada uma de nossas comunidades, livre do cansa\u00e7o, da desilus\u00e3o e da acomoda\u00e7\u00e3o seja, a partir do Evangelho, um centro capaz de irradiar a vida e de gerar e reacender nos cora\u00e7\u00f5es a esperan\u00e7a. H\u00e1 um desejo expl\u00edcito que a realidade da miss\u00e3o seja algo a penetrar o tecido da vida eclesial em todas as suas dimens\u00f5es, inclusive com a convers\u00e3o necess\u00e1ria de pessoas, estruturas e institui\u00e7\u00f5es que ultrapassadas n\u00e3o mais servem para a comunica\u00e7\u00e3o da boa nova libertadora de Jesus e para a promo\u00e7\u00e3o da cultura da vida. A aud\u00e1cia \u00e9 exigida de todos para ir para al\u00e9m de uma pastoral de conserva\u00e7\u00e3o a uma atitude decididamente mission\u00e1ria no campo da evangeliza\u00e7\u00e3o. Isto exige uma profunda renova\u00e7\u00e3o pastoral na qual todos os atores da vida da Igreja devem ser comprometidos e implica uma a\u00e7\u00e3o pastoral que seja realmente pensada, levando em conta os novos are\u00f3pagos que desafiam a evangeliza\u00e7\u00e3o e o protagonismo dos novos agentes da evangeliza\u00e7\u00e3o. Tamb\u00e9m neste contexto de miss\u00e3o gostar\u00edamos de humildemente pedir \u00e0 Santa M\u00e3e Igreja a reabilita\u00e7\u00e3o can\u00f4nica do Padre C\u00edcero Rom\u00e3o Batista e a Canoniza\u00e7\u00e3o do Ap\u00f3stolo da Caridade o Padre Ibiapina.<\/p>\n<p style=\"text-align: justify\">Ao encontro de cada ser humano ca\u00eddo \u00e0 beira do Caminho<\/p>\n<p style=\"text-align: justify\">A Igreja quer ser uma Igreja Samaritana e peregrina, uma Igreja sempre a caminho, misturada na hist\u00f3ria das pessoas, solid\u00e1ria com todos os que encontramos \u00e0 beira do Caminho, deixados \u00e0 margem, exclu\u00eddos, negados na sua condi\u00e7\u00e3o de humanidade. Uma Igreja que n\u00e3o seja uma mera passante, apressada, com compromissos superficiais que roubam a sensibilidade, mas uma Igreja com tempo para parar junto das pessoas e cuidar das suas feridas, sem horas marcadas para o fim da viagem, com reservas para provocar nos outros a cadeia de solidariedade e de comunh\u00e3o com a vida humana ferida. Uma Igreja da esperan\u00e7a, capaz de pronunciar uma palavra no turbilh\u00e3o do mundo. Uma Igreja onde a vida, mesmo fr\u00e1gil tem sabor de eternidade; Igreja, esposa de Jesus Cristo, que caminha na sua presen\u00e7a, que desperta nos seus filhos o sonho de trabalhar e servir com todas as for\u00e7as. Pedimos a Vossa Santidade a t\u00e3o desejada Ben\u00e7\u00e3o Apost\u00f3lica!\u201d<\/p>\n<h4 style=\"text-align: right\">Dom Genival Saraiva de Fran\u00e7a<\/h4>\n","protected":false},"excerpt":{"rendered":"<p>Os Bispos do Regional Nordeste 2 da CNBB participaram da Visita ad Limina, em Roma, no per\u00edodo de 10 a 18 de setembro passado. Cada um dos Arce\/Bispos das vinte Arqui\/Dioceses, situadas nos Estados de Alagoas, Pernambuco, Para\u00edba e Rio Grande do Norte, foi recebido pelo Papa Bento XVI, em audi\u00eancia privada. O Papa revelou &hellip;<\/p>\n<p class=\"read-more\"> <a class=\"\" href=\"https:\/\/www.cnbb.org.br\/palavra-do-nordeste-2-ao-papa\/\"> <span class=\"screen-reader-text\">Palavra do Nordeste 2 ao Papa<\/span> Leia mais &raquo;<\/a><\/p>\n","protected":false},"author":83,"featured_media":0,"comment_status":"open","ping_status":"open","sticky":false,"template":"","format":"standard","meta":{"site-sidebar-layout":"default","site-content-layout":"default","ast-global-header-display":"","ast-banner-title-visibility":"","ast-main-header-display":"","ast-hfb-above-header-display":"","ast-hfb-below-header-display":"","ast-hfb-mobile-header-display":"","site-post-title":"","ast-breadcrumbs-content":"","ast-featured-img":"","footer-sml-layout":"","theme-transparent-header-meta":"","adv-header-id-meta":"","stick-header-meta":"","header-above-stick-meta":"","header-main-stick-meta":"","header-below-stick-meta":""},"categories":[770,769],"tags":[],"acf":[],"_links":{"self":[{"href":"https:\/\/www.cnbb.org.br\/cnbb-app\/wp\/v2\/posts\/22789"}],"collection":[{"href":"https:\/\/www.cnbb.org.br\/cnbb-app\/wp\/v2\/posts"}],"about":[{"href":"https:\/\/www.cnbb.org.br\/cnbb-app\/wp\/v2\/types\/post"}],"author":[{"embeddable":true,"href":"https:\/\/www.cnbb.org.br\/cnbb-app\/wp\/v2\/users\/83"}],"replies":[{"embeddable":true,"href":"https:\/\/www.cnbb.org.br\/cnbb-app\/wp\/v2\/comments?post=22789"}],"version-history":[{"count":0,"href":"https:\/\/www.cnbb.org.br\/cnbb-app\/wp\/v2\/posts\/22789\/revisions"}],"wp:attachment":[{"href":"https:\/\/www.cnbb.org.br\/cnbb-app\/wp\/v2\/media?parent=22789"}],"wp:term":[{"taxonomy":"category","embeddable":true,"href":"https:\/\/www.cnbb.org.br\/cnbb-app\/wp\/v2\/categories?post=22789"},{"taxonomy":"post_tag","embeddable":true,"href":"https:\/\/www.cnbb.org.br\/cnbb-app\/wp\/v2\/tags?post=22789"}],"curies":[{"name":"wp","href":"https:\/\/api.w.org\/{rel}","templated":true}]}}